{"id":2105,"date":"2021-08-27T07:54:43","date_gmt":"2021-08-27T06:54:43","guid":{"rendered":"https:\/\/zta-management.com\/?p=2105"},"modified":"2021-08-27T07:54:43","modified_gmt":"2021-08-27T06:54:43","slug":"franz-dinda-zu-gast-bei-europas-winterreise-in-der-ausstellung-diversity-united","status":"publish","type":"post","link":"https:\/\/zta-management.com\/en\/franz-dinda-zu-gast-bei-europas-winterreise-in-der-ausstellung-diversity-united\/","title":{"rendered":"Franz Dinda zu Gast bei &#8222;Europas Winterreise&#8220; in der Ausstellung &#8222;Diversity United&#8220;"},"content":{"rendered":"<p style=\"text-align: justify;\"><span style=\"font-family: 'Arial',sans-serif;\">Am 19. August 2021 fand die Urauff\u00fchrung der Vertonung von Anselm Kiefers Werk &#8222;Winterreise&#8220; in der Ausstellung <a href=\"https:\/\/stiftung-kunst.de\/newsletter\/lt.php?id=KUxQUlZTAR0GDlJPVw9WAgM\" target=\"_blank\" rel=\"noopener\">Diversity United<\/a> statt. Bariton Frederik Schauhoff sang in Begleitung von Pianistin Julia Hermanski eine Auswahl an Liedern aus Franz Schuberts ber\u00fchmten Liederzyklus &#8222;Winterreise&#8220;. Die Schauspieler:innen Claudia Eisinger und Herbert Knaup lasen Texte u.a. von Joseph von Eichendorff und einen Auszug aus Emmanuel Macrons ber\u00fchmter Rede &#8222;Initiative f\u00fcr Europa&#8220;. Ein einzigartiger und bewegender Abend bei dem unser Schauspieler und K\u00fcnstler Franz Dinda als Teil des Daimler &#8222;Be A Mover&#8220;-Netzwerkes zu Gast sein durfte.\u00a0<\/span><\/p>","protected":false},"excerpt":{"rendered":"<p>Am 19. August 2021 fand die Urauff\u00fchrung der Vertonung von Anselm Kiefers Werk &#8222;Winterreise&#8220; in der Ausstellung Diversity United statt. Bariton Frederik Schauhoff sang in Begleitung von Pianistin Julia Hermanski eine Auswahl an Liedern aus Franz Schuberts ber\u00fchmten Liederzyklus &#8222;Winterreise&#8220;. Die Schauspieler:innen Claudia Eisinger und Herbert Knaup lasen Texte u.a. von Joseph von Eichendorff und [&hellip;]<\/p>\n","protected":false},"author":3,"featured_media":2106,"comment_status":"open","ping_status":"open","sticky":false,"template":"","format":"standard","meta":{"inline_featured_image":false,"footnotes":""},"categories":[19],"tags":[],"class_list":["post-2105","post","type-post","status-publish","format-standard","has-post-thumbnail","hentry","category-franz-dinda"],"yoast_head":"<!-- This site is optimized with the Yoast SEO plugin v27.0 - https:\/\/yoast.com\/product\/yoast-seo-wordpress\/ -->\n<title>Franz Dinda zu Gast bei &quot;Europas Winterreise&quot; in der Ausstellung &quot;Diversity United&quot; - ZTA Management<\/title>\n<meta name=\"robots\" content=\"index, follow, max-snippet:-1, max-image-preview:large, max-video-preview:-1\" \/>\n<link rel=\"canonical\" href=\"https:\/\/zta-management.com\/en\/franz-dinda-zu-gast-bei-europas-winterreise-in-der-ausstellung-diversity-united\/\" \/>\n<meta property=\"og:locale\" content=\"en_US\" \/>\n<meta property=\"og:type\" content=\"article\" \/>\n<meta property=\"og:title\" content=\"Franz Dinda zu Gast bei &quot;Europas Winterreise&quot; in der Ausstellung &quot;Diversity United&quot; - ZTA Management\" \/>\n<meta property=\"og:description\" content=\"Am 19. August 2021 fand die Urauff\u00fchrung der Vertonung von Anselm Kiefers Werk &#8222;Winterreise&#8220; in der Ausstellung Diversity United statt. Bariton Frederik Schauhoff sang in Begleitung von Pianistin Julia Hermanski eine Auswahl an Liedern aus Franz Schuberts ber\u00fchmten Liederzyklus &#8222;Winterreise&#8220;. Die Schauspieler:innen Claudia Eisinger und Herbert Knaup lasen Texte u.a. von Joseph von Eichendorff und [&hellip;]\" \/>\n<meta property=\"og:url\" content=\"https:\/\/zta-management.com\/en\/franz-dinda-zu-gast-bei-europas-winterreise-in-der-ausstellung-diversity-united\/\" \/>\n<meta property=\"og:site_name\" content=\"ZTA Management\" \/>\n<meta property=\"article:published_time\" content=\"2021-08-27T06:54:43+00:00\" \/>\n<meta property=\"og:image\" content=\"https:\/\/zta-management.com\/wp-content\/uploads\/2021\/08\/FD.jpg\" \/>\n\t<meta property=\"og:image:width\" content=\"440\" \/>\n\t<meta property=\"og:image:height\" content=\"602\" \/>\n\t<meta property=\"og:image:type\" content=\"image\/jpeg\" \/>\n<meta name=\"author\" content=\"zetha@zta-management.com\" \/>\n<meta name=\"twitter:card\" content=\"summary_large_image\" \/>\n<meta name=\"twitter:label1\" content=\"Written by\" \/>\n\t<meta name=\"twitter:data1\" content=\"zetha@zta-management.com\" \/>\n<script type=\"application\/ld+json\" class=\"yoast-schema-graph\">{\"@context\":\"https:\/\/schema.org\",\"@graph\":[{\"@type\":\"Article\",\"@id\":\"https:\/\/zta-management.com\/franz-dinda-zu-gast-bei-europas-winterreise-in-der-ausstellung-diversity-united\/#article\",\"isPartOf\":{\"@id\":\"https:\/\/zta-management.com\/franz-dinda-zu-gast-bei-europas-winterreise-in-der-ausstellung-diversity-united\/\"},\"author\":{\"name\":\"zetha@zta-management.com\",\"@id\":\"https:\/\/zta-management.com\/en\/#\/schema\/person\/30a00fe8747994694336a51e56123afb\"},\"headline\":\"Franz Dinda zu Gast bei &#8222;Europas Winterreise&#8220; in der Ausstellung &#8222;Diversity United&#8220;\",\"datePublished\":\"2021-08-27T06:54:43+00:00\",\"mainEntityOfPage\":{\"@id\":\"https:\/\/zta-management.com\/franz-dinda-zu-gast-bei-europas-winterreise-in-der-ausstellung-diversity-united\/\"},\"wordCount\":107,\"commentCount\":0,\"publisher\":{\"@id\":\"https:\/\/zta-management.com\/en\/#organization\"},\"image\":{\"@id\":\"https:\/\/zta-management.com\/franz-dinda-zu-gast-bei-europas-winterreise-in-der-ausstellung-diversity-united\/#primaryimage\"},\"thumbnailUrl\":\"https:\/\/zta-management.com\/wp-content\/uploads\/2021\/08\/FD.jpg\",\"articleSection\":[\"Franz Dinda\"],\"inLanguage\":\"en-US\",\"potentialAction\":[{\"@type\":\"CommentAction\",\"name\":\"Comment\",\"target\":[\"https:\/\/zta-management.com\/franz-dinda-zu-gast-bei-europas-winterreise-in-der-ausstellung-diversity-united\/#respond\"]}]},{\"@type\":\"WebPage\",\"@id\":\"https:\/\/zta-management.com\/franz-dinda-zu-gast-bei-europas-winterreise-in-der-ausstellung-diversity-united\/\",\"url\":\"https:\/\/zta-management.com\/franz-dinda-zu-gast-bei-europas-winterreise-in-der-ausstellung-diversity-united\/\",\"name\":\"Franz Dinda zu Gast bei \\\"Europas Winterreise\\\" in der Ausstellung \\\"Diversity United\\\" - ZTA Management\",\"isPartOf\":{\"@id\":\"https:\/\/zta-management.com\/en\/#website\"},\"primaryImageOfPage\":{\"@id\":\"https:\/\/zta-management.com\/franz-dinda-zu-gast-bei-europas-winterreise-in-der-ausstellung-diversity-united\/#primaryimage\"},\"image\":{\"@id\":\"https:\/\/zta-management.com\/franz-dinda-zu-gast-bei-europas-winterreise-in-der-ausstellung-diversity-united\/#primaryimage\"},\"thumbnailUrl\":\"https:\/\/zta-management.com\/wp-content\/uploads\/2021\/08\/FD.jpg\",\"datePublished\":\"2021-08-27T06:54:43+00:00\",\"breadcrumb\":{\"@id\":\"https:\/\/zta-management.com\/franz-dinda-zu-gast-bei-europas-winterreise-in-der-ausstellung-diversity-united\/#breadcrumb\"},\"inLanguage\":\"en-US\",\"potentialAction\":[{\"@type\":\"ReadAction\",\"target\":[\"https:\/\/zta-management.com\/franz-dinda-zu-gast-bei-europas-winterreise-in-der-ausstellung-diversity-united\/\"]}]},{\"@type\":\"ImageObject\",\"inLanguage\":\"en-US\",\"@id\":\"https:\/\/zta-management.com\/franz-dinda-zu-gast-bei-europas-winterreise-in-der-ausstellung-diversity-united\/#primaryimage\",\"url\":\"https:\/\/zta-management.com\/wp-content\/uploads\/2021\/08\/FD.jpg\",\"contentUrl\":\"https:\/\/zta-management.com\/wp-content\/uploads\/2021\/08\/FD.jpg\",\"width\":440,\"height\":602},{\"@type\":\"BreadcrumbList\",\"@id\":\"https:\/\/zta-management.com\/franz-dinda-zu-gast-bei-europas-winterreise-in-der-ausstellung-diversity-united\/#breadcrumb\",\"itemListElement\":[{\"@type\":\"ListItem\",\"position\":1,\"name\":\"Startseite\",\"item\":\"https:\/\/zta-management.com\/\"},{\"@type\":\"ListItem\",\"position\":2,\"name\":\"Franz Dinda zu Gast bei &#8222;Europas Winterreise&#8220; in der Ausstellung &#8222;Diversity United&#8220;\"}]},{\"@type\":\"WebSite\",\"@id\":\"https:\/\/zta-management.com\/en\/#website\",\"url\":\"https:\/\/zta-management.com\/en\/\",\"name\":\"ZTA Management\",\"description\":\"K\u00fcnstler:innen Management\",\"publisher\":{\"@id\":\"https:\/\/zta-management.com\/en\/#organization\"},\"potentialAction\":[{\"@type\":\"SearchAction\",\"target\":{\"@type\":\"EntryPoint\",\"urlTemplate\":\"https:\/\/zta-management.com\/en\/?s={search_term_string}\"},\"query-input\":{\"@type\":\"PropertyValueSpecification\",\"valueRequired\":true,\"valueName\":\"search_term_string\"}}],\"inLanguage\":\"en-US\"},{\"@type\":\"Organization\",\"@id\":\"https:\/\/zta-management.com\/en\/#organization\",\"name\":\"ZTA Management\",\"url\":\"https:\/\/zta-management.com\/en\/\",\"logo\":{\"@type\":\"ImageObject\",\"inLanguage\":\"en-US\",\"@id\":\"https:\/\/zta-management.com\/en\/#\/schema\/logo\/image\/\",\"url\":\"https:\/\/zta-management.com\/wp-content\/uploads\/2025\/06\/ZTA-Logo-blau-rosa.png\",\"contentUrl\":\"https:\/\/zta-management.com\/wp-content\/uploads\/2025\/06\/ZTA-Logo-blau-rosa.png\",\"width\":1200,\"height\":1200,\"caption\":\"ZTA Management\"},\"image\":{\"@id\":\"https:\/\/zta-management.com\/en\/#\/schema\/logo\/image\/\"},\"sameAs\":[\"https:\/\/www.instagram.com\/ztamanagement\/\",\"https:\/\/www.linkedin.com\/in\/zetha-asafu-adjaye-b539b1126\/\"]},{\"@type\":\"Person\",\"@id\":\"https:\/\/zta-management.com\/en\/#\/schema\/person\/30a00fe8747994694336a51e56123afb\",\"name\":\"zetha@zta-management.com\",\"image\":{\"@type\":\"ImageObject\",\"inLanguage\":\"en-US\",\"@id\":\"https:\/\/zta-management.com\/en\/#\/schema\/person\/image\/\",\"url\":\"https:\/\/secure.gravatar.com\/avatar\/1dc2cabbb04678a4c6b2f5553f1a7fd37e6eafff9f7c51bf3bf6306ae814b508?s=96&d=mm&r=g\",\"contentUrl\":\"https:\/\/secure.gravatar.com\/avatar\/1dc2cabbb04678a4c6b2f5553f1a7fd37e6eafff9f7c51bf3bf6306ae814b508?s=96&d=mm&r=g\",\"caption\":\"zetha@zta-management.com\"},\"url\":\"https:\/\/zta-management.com\/en\/author\/zethazta-management-com\/\"}]}<\/script>\n<!-- \/ Yoast SEO plugin. -->","yoast_head_json":{"title":"Franz Dinda zu Gast bei \"Europas Winterreise\" in der Ausstellung \"Diversity United\" - ZTA Management","robots":{"index":"index","follow":"follow","max-snippet":"max-snippet:-1","max-image-preview":"max-image-preview:large","max-video-preview":"max-video-preview:-1"},"canonical":"https:\/\/zta-management.com\/en\/franz-dinda-zu-gast-bei-europas-winterreise-in-der-ausstellung-diversity-united\/","og_locale":"en_US","og_type":"article","og_title":"Franz Dinda zu Gast bei \"Europas Winterreise\" in der Ausstellung \"Diversity United\" - ZTA Management","og_description":"Am 19. August 2021 fand die Urauff\u00fchrung der Vertonung von Anselm Kiefers Werk &#8222;Winterreise&#8220; in der Ausstellung Diversity United statt. Bariton Frederik Schauhoff sang in Begleitung von Pianistin Julia Hermanski eine Auswahl an Liedern aus Franz Schuberts ber\u00fchmten Liederzyklus &#8222;Winterreise&#8220;. Die Schauspieler:innen Claudia Eisinger und Herbert Knaup lasen Texte u.a. von Joseph von Eichendorff und [&hellip;]","og_url":"https:\/\/zta-management.com\/en\/franz-dinda-zu-gast-bei-europas-winterreise-in-der-ausstellung-diversity-united\/","og_site_name":"ZTA Management","article_published_time":"2021-08-27T06:54:43+00:00","og_image":[{"width":440,"height":602,"url":"https:\/\/zta-management.com\/wp-content\/uploads\/2021\/08\/FD.jpg","type":"image\/jpeg"}],"author":"zetha@zta-management.com","twitter_card":"summary_large_image","twitter_misc":{"Written by":"zetha@zta-management.com"},"schema":{"@context":"https:\/\/schema.org","@graph":[{"@type":"Article","@id":"https:\/\/zta-management.com\/franz-dinda-zu-gast-bei-europas-winterreise-in-der-ausstellung-diversity-united\/#article","isPartOf":{"@id":"https:\/\/zta-management.com\/franz-dinda-zu-gast-bei-europas-winterreise-in-der-ausstellung-diversity-united\/"},"author":{"name":"zetha@zta-management.com","@id":"https:\/\/zta-management.com\/en\/#\/schema\/person\/30a00fe8747994694336a51e56123afb"},"headline":"Franz Dinda zu Gast bei &#8222;Europas Winterreise&#8220; in der Ausstellung &#8222;Diversity United&#8220;","datePublished":"2021-08-27T06:54:43+00:00","mainEntityOfPage":{"@id":"https:\/\/zta-management.com\/franz-dinda-zu-gast-bei-europas-winterreise-in-der-ausstellung-diversity-united\/"},"wordCount":107,"commentCount":0,"publisher":{"@id":"https:\/\/zta-management.com\/en\/#organization"},"image":{"@id":"https:\/\/zta-management.com\/franz-dinda-zu-gast-bei-europas-winterreise-in-der-ausstellung-diversity-united\/#primaryimage"},"thumbnailUrl":"https:\/\/zta-management.com\/wp-content\/uploads\/2021\/08\/FD.jpg","articleSection":["Franz Dinda"],"inLanguage":"en-US","potentialAction":[{"@type":"CommentAction","name":"Comment","target":["https:\/\/zta-management.com\/franz-dinda-zu-gast-bei-europas-winterreise-in-der-ausstellung-diversity-united\/#respond"]}]},{"@type":"WebPage","@id":"https:\/\/zta-management.com\/franz-dinda-zu-gast-bei-europas-winterreise-in-der-ausstellung-diversity-united\/","url":"https:\/\/zta-management.com\/franz-dinda-zu-gast-bei-europas-winterreise-in-der-ausstellung-diversity-united\/","name":"Franz Dinda zu Gast bei \"Europas Winterreise\" in der Ausstellung \"Diversity United\" - ZTA Management","isPartOf":{"@id":"https:\/\/zta-management.com\/en\/#website"},"primaryImageOfPage":{"@id":"https:\/\/zta-management.com\/franz-dinda-zu-gast-bei-europas-winterreise-in-der-ausstellung-diversity-united\/#primaryimage"},"image":{"@id":"https:\/\/zta-management.com\/franz-dinda-zu-gast-bei-europas-winterreise-in-der-ausstellung-diversity-united\/#primaryimage"},"thumbnailUrl":"https:\/\/zta-management.com\/wp-content\/uploads\/2021\/08\/FD.jpg","datePublished":"2021-08-27T06:54:43+00:00","breadcrumb":{"@id":"https:\/\/zta-management.com\/franz-dinda-zu-gast-bei-europas-winterreise-in-der-ausstellung-diversity-united\/#breadcrumb"},"inLanguage":"en-US","potentialAction":[{"@type":"ReadAction","target":["https:\/\/zta-management.com\/franz-dinda-zu-gast-bei-europas-winterreise-in-der-ausstellung-diversity-united\/"]}]},{"@type":"ImageObject","inLanguage":"en-US","@id":"https:\/\/zta-management.com\/franz-dinda-zu-gast-bei-europas-winterreise-in-der-ausstellung-diversity-united\/#primaryimage","url":"https:\/\/zta-management.com\/wp-content\/uploads\/2021\/08\/FD.jpg","contentUrl":"https:\/\/zta-management.com\/wp-content\/uploads\/2021\/08\/FD.jpg","width":440,"height":602},{"@type":"BreadcrumbList","@id":"https:\/\/zta-management.com\/franz-dinda-zu-gast-bei-europas-winterreise-in-der-ausstellung-diversity-united\/#breadcrumb","itemListElement":[{"@type":"ListItem","position":1,"name":"Startseite","item":"https:\/\/zta-management.com\/"},{"@type":"ListItem","position":2,"name":"Franz Dinda zu Gast bei &#8222;Europas Winterreise&#8220; in der Ausstellung &#8222;Diversity United&#8220;"}]},{"@type":"WebSite","@id":"https:\/\/zta-management.com\/en\/#website","url":"https:\/\/zta-management.com\/en\/","name":"ZTA Management","description":"K\u00fcnstler:innen Management","publisher":{"@id":"https:\/\/zta-management.com\/en\/#organization"},"potentialAction":[{"@type":"SearchAction","target":{"@type":"EntryPoint","urlTemplate":"https:\/\/zta-management.com\/en\/?s={search_term_string}"},"query-input":{"@type":"PropertyValueSpecification","valueRequired":true,"valueName":"search_term_string"}}],"inLanguage":"en-US"},{"@type":"Organization","@id":"https:\/\/zta-management.com\/en\/#organization","name":"ZTA Management","url":"https:\/\/zta-management.com\/en\/","logo":{"@type":"ImageObject","inLanguage":"en-US","@id":"https:\/\/zta-management.com\/en\/#\/schema\/logo\/image\/","url":"https:\/\/zta-management.com\/wp-content\/uploads\/2025\/06\/ZTA-Logo-blau-rosa.png","contentUrl":"https:\/\/zta-management.com\/wp-content\/uploads\/2025\/06\/ZTA-Logo-blau-rosa.png","width":1200,"height":1200,"caption":"ZTA Management"},"image":{"@id":"https:\/\/zta-management.com\/en\/#\/schema\/logo\/image\/"},"sameAs":["https:\/\/www.instagram.com\/ztamanagement\/","https:\/\/www.linkedin.com\/in\/zetha-asafu-adjaye-b539b1126\/"]},{"@type":"Person","@id":"https:\/\/zta-management.com\/en\/#\/schema\/person\/30a00fe8747994694336a51e56123afb","name":"zetha@zta-management.com","image":{"@type":"ImageObject","inLanguage":"en-US","@id":"https:\/\/zta-management.com\/en\/#\/schema\/person\/image\/","url":"https:\/\/secure.gravatar.com\/avatar\/1dc2cabbb04678a4c6b2f5553f1a7fd37e6eafff9f7c51bf3bf6306ae814b508?s=96&d=mm&r=g","contentUrl":"https:\/\/secure.gravatar.com\/avatar\/1dc2cabbb04678a4c6b2f5553f1a7fd37e6eafff9f7c51bf3bf6306ae814b508?s=96&d=mm&r=g","caption":"zetha@zta-management.com"},"url":"https:\/\/zta-management.com\/en\/author\/zethazta-management-com\/"}]}},"_links":{"self":[{"href":"https:\/\/zta-management.com\/en\/wp-json\/wp\/v2\/posts\/2105","targetHints":{"allow":["GET"]}}],"collection":[{"href":"https:\/\/zta-management.com\/en\/wp-json\/wp\/v2\/posts"}],"about":[{"href":"https:\/\/zta-management.com\/en\/wp-json\/wp\/v2\/types\/post"}],"author":[{"embeddable":true,"href":"https:\/\/zta-management.com\/en\/wp-json\/wp\/v2\/users\/3"}],"replies":[{"embeddable":true,"href":"https:\/\/zta-management.com\/en\/wp-json\/wp\/v2\/comments?post=2105"}],"version-history":[{"count":0,"href":"https:\/\/zta-management.com\/en\/wp-json\/wp\/v2\/posts\/2105\/revisions"}],"wp:featuredmedia":[{"embeddable":true,"href":"https:\/\/zta-management.com\/en\/wp-json\/wp\/v2\/media\/2106"}],"wp:attachment":[{"href":"https:\/\/zta-management.com\/en\/wp-json\/wp\/v2\/media?parent=2105"}],"wp:term":[{"taxonomy":"category","embeddable":true,"href":"https:\/\/zta-management.com\/en\/wp-json\/wp\/v2\/categories?post=2105"},{"taxonomy":"post_tag","embeddable":true,"href":"https:\/\/zta-management.com\/en\/wp-json\/wp\/v2\/tags?post=2105"}],"curies":[{"name":"wp","href":"https:\/\/api.w.org\/{rel}","templated":true}]}}