{"id":2120,"date":"2021-09-07T11:06:32","date_gmt":"2021-09-07T10:06:32","guid":{"rendered":"https:\/\/zta-management.com\/?p=2120"},"modified":"2021-09-07T11:06:32","modified_gmt":"2021-09-07T10:06:32","slug":"cristina-do-rego-zu-gast-in-der-rbb-abendschau-mit-ingmar-stadelmann","status":"publish","type":"post","link":"https:\/\/zta-management.com\/en\/cristina-do-rego-zu-gast-in-der-rbb-abendschau-mit-ingmar-stadelmann\/","title":{"rendered":"Cristina Do Rego zu Gast in der RBB Abendshow mit Ingmar Stadelmann"},"content":{"rendered":"<p>In ihrem Gastauftritt in der RBB Abendshow mit Ingmar Stadelmann spricht Cristina unter anderem \u00fcber den podcast UnterDry. Nach 6 w\u00f6chiger Pause kehren Cristina und ihre Schauspielkolleginnen Anna Maria M\u00fche und Jasna Fritzi Bauer endlich an die Mikrofone zur\u00fcck. Wenn ihr das Live Gespr\u00e4ch verpasst habt, k\u00f6nnt ihr es <a href=\"https:\/\/www.ardmediathek.de\/video\/abendshow\/zu-gast-christina-do-rego\/rbb-fernsehen\/Y3JpZDovL3JiYi1vbmxpbmUuZGUvYWJlbmRzaG93LzIwMjEtMDgtMTNUMjI6MDA6MDBfZDRjMzc4MTYtMDk2Zi00ZTM0LTg3NWUtZDkxYmFmM2Y4NzkxL2NocmlzdGluYS1kby1yZWdvLXNjaGF1c3BpZWxlcmluLXBvZGNhc3QtenUtZ2FzdA\/\" target=\"_blank\" rel=\"noopener\">hier<\/a> in der Mediathek nachschauen.<\/p>","protected":false},"excerpt":{"rendered":"<p>In ihrem Gastauftritt in der RBB Abendshow mit Ingmar Stadelmann spricht Cristina unter anderem \u00fcber den podcast UnterDry. Nach 6 w\u00f6chiger Pause kehren Cristina und ihre Schauspielkolleginnen Anna Maria M\u00fche und Jasna Fritzi Bauer endlich an die Mikrofone zur\u00fcck. Wenn ihr das Live Gespr\u00e4ch verpasst habt, k\u00f6nnt ihr es hier in der Mediathek nachschauen.<\/p>","protected":false},"author":3,"featured_media":0,"comment_status":"open","ping_status":"open","sticky":false,"template":"","format":"standard","meta":{"inline_featured_image":false,"footnotes":""},"categories":[18],"tags":[],"class_list":["post-2120","post","type-post","status-publish","format-standard","hentry","category-cristina-do-rego"],"yoast_head":"<!-- This site is optimized with the Yoast SEO plugin v27.0 - https:\/\/yoast.com\/product\/yoast-seo-wordpress\/ -->\n<title>Cristina Do Rego zu Gast in der RBB Abendshow mit Ingmar Stadelmann - ZTA Management<\/title>\n<meta name=\"robots\" content=\"index, follow, max-snippet:-1, max-image-preview:large, max-video-preview:-1\" \/>\n<link rel=\"canonical\" href=\"https:\/\/zta-management.com\/en\/cristina-do-rego-zu-gast-in-der-rbb-abendschau-mit-ingmar-stadelmann\/\" \/>\n<meta property=\"og:locale\" content=\"en_US\" \/>\n<meta property=\"og:type\" content=\"article\" \/>\n<meta property=\"og:title\" content=\"Cristina Do Rego zu Gast in der RBB Abendshow mit Ingmar Stadelmann - ZTA Management\" \/>\n<meta property=\"og:description\" content=\"In ihrem Gastauftritt in der RBB Abendshow mit Ingmar Stadelmann spricht Cristina unter anderem \u00fcber den podcast UnterDry. Nach 6 w\u00f6chiger Pause kehren Cristina und ihre Schauspielkolleginnen Anna Maria M\u00fche und Jasna Fritzi Bauer endlich an die Mikrofone zur\u00fcck. Wenn ihr das Live Gespr\u00e4ch verpasst habt, k\u00f6nnt ihr es hier in der Mediathek nachschauen.\" \/>\n<meta property=\"og:url\" content=\"https:\/\/zta-management.com\/en\/cristina-do-rego-zu-gast-in-der-rbb-abendschau-mit-ingmar-stadelmann\/\" \/>\n<meta property=\"og:site_name\" content=\"ZTA Management\" \/>\n<meta property=\"article:published_time\" content=\"2021-09-07T10:06:32+00:00\" \/>\n<meta property=\"og:image\" content=\"https:\/\/zta-management.com\/wp-content\/uploads\/2021\/09\/MG_4412n-scaled.jpg\" \/>\n\t<meta property=\"og:image:width\" content=\"1707\" \/>\n\t<meta property=\"og:image:height\" content=\"2560\" \/>\n\t<meta property=\"og:image:type\" content=\"image\/jpeg\" \/>\n<meta name=\"author\" content=\"zetha@zta-management.com\" \/>\n<meta name=\"twitter:card\" content=\"summary_large_image\" \/>\n<meta name=\"twitter:label1\" content=\"Written by\" \/>\n\t<meta name=\"twitter:data1\" content=\"zetha@zta-management.com\" \/>\n<script type=\"application\/ld+json\" class=\"yoast-schema-graph\">{\"@context\":\"https:\/\/schema.org\",\"@graph\":[{\"@type\":\"Article\",\"@id\":\"https:\/\/zta-management.com\/cristina-do-rego-zu-gast-in-der-rbb-abendschau-mit-ingmar-stadelmann\/#article\",\"isPartOf\":{\"@id\":\"https:\/\/zta-management.com\/cristina-do-rego-zu-gast-in-der-rbb-abendschau-mit-ingmar-stadelmann\/\"},\"author\":{\"name\":\"zetha@zta-management.com\",\"@id\":\"https:\/\/zta-management.com\/en\/#\/schema\/person\/30a00fe8747994694336a51e56123afb\"},\"headline\":\"Cristina Do Rego zu Gast in der RBB Abendshow mit Ingmar Stadelmann\",\"datePublished\":\"2021-09-07T10:06:32+00:00\",\"mainEntityOfPage\":{\"@id\":\"https:\/\/zta-management.com\/cristina-do-rego-zu-gast-in-der-rbb-abendschau-mit-ingmar-stadelmann\/\"},\"wordCount\":70,\"commentCount\":0,\"publisher\":{\"@id\":\"https:\/\/zta-management.com\/en\/#organization\"},\"articleSection\":[\"Cristina Do Rego\"],\"inLanguage\":\"en-US\",\"potentialAction\":[{\"@type\":\"CommentAction\",\"name\":\"Comment\",\"target\":[\"https:\/\/zta-management.com\/cristina-do-rego-zu-gast-in-der-rbb-abendschau-mit-ingmar-stadelmann\/#respond\"]}]},{\"@type\":\"WebPage\",\"@id\":\"https:\/\/zta-management.com\/cristina-do-rego-zu-gast-in-der-rbb-abendschau-mit-ingmar-stadelmann\/\",\"url\":\"https:\/\/zta-management.com\/cristina-do-rego-zu-gast-in-der-rbb-abendschau-mit-ingmar-stadelmann\/\",\"name\":\"Cristina Do Rego zu Gast in der RBB Abendshow mit Ingmar Stadelmann - ZTA Management\",\"isPartOf\":{\"@id\":\"https:\/\/zta-management.com\/en\/#website\"},\"datePublished\":\"2021-09-07T10:06:32+00:00\",\"breadcrumb\":{\"@id\":\"https:\/\/zta-management.com\/cristina-do-rego-zu-gast-in-der-rbb-abendschau-mit-ingmar-stadelmann\/#breadcrumb\"},\"inLanguage\":\"en-US\",\"potentialAction\":[{\"@type\":\"ReadAction\",\"target\":[\"https:\/\/zta-management.com\/cristina-do-rego-zu-gast-in-der-rbb-abendschau-mit-ingmar-stadelmann\/\"]}]},{\"@type\":\"BreadcrumbList\",\"@id\":\"https:\/\/zta-management.com\/cristina-do-rego-zu-gast-in-der-rbb-abendschau-mit-ingmar-stadelmann\/#breadcrumb\",\"itemListElement\":[{\"@type\":\"ListItem\",\"position\":1,\"name\":\"Startseite\",\"item\":\"https:\/\/zta-management.com\/\"},{\"@type\":\"ListItem\",\"position\":2,\"name\":\"Cristina Do Rego zu Gast in der RBB Abendshow mit Ingmar Stadelmann\"}]},{\"@type\":\"WebSite\",\"@id\":\"https:\/\/zta-management.com\/en\/#website\",\"url\":\"https:\/\/zta-management.com\/en\/\",\"name\":\"ZTA Management\",\"description\":\"K\u00fcnstler:innen Management\",\"publisher\":{\"@id\":\"https:\/\/zta-management.com\/en\/#organization\"},\"potentialAction\":[{\"@type\":\"SearchAction\",\"target\":{\"@type\":\"EntryPoint\",\"urlTemplate\":\"https:\/\/zta-management.com\/en\/?s={search_term_string}\"},\"query-input\":{\"@type\":\"PropertyValueSpecification\",\"valueRequired\":true,\"valueName\":\"search_term_string\"}}],\"inLanguage\":\"en-US\"},{\"@type\":\"Organization\",\"@id\":\"https:\/\/zta-management.com\/en\/#organization\",\"name\":\"ZTA Management\",\"url\":\"https:\/\/zta-management.com\/en\/\",\"logo\":{\"@type\":\"ImageObject\",\"inLanguage\":\"en-US\",\"@id\":\"https:\/\/zta-management.com\/en\/#\/schema\/logo\/image\/\",\"url\":\"https:\/\/zta-management.com\/wp-content\/uploads\/2025\/06\/ZTA-Logo-blau-rosa.png\",\"contentUrl\":\"https:\/\/zta-management.com\/wp-content\/uploads\/2025\/06\/ZTA-Logo-blau-rosa.png\",\"width\":1200,\"height\":1200,\"caption\":\"ZTA Management\"},\"image\":{\"@id\":\"https:\/\/zta-management.com\/en\/#\/schema\/logo\/image\/\"},\"sameAs\":[\"https:\/\/www.instagram.com\/ztamanagement\/\",\"https:\/\/www.linkedin.com\/in\/zetha-asafu-adjaye-b539b1126\/\"]},{\"@type\":\"Person\",\"@id\":\"https:\/\/zta-management.com\/en\/#\/schema\/person\/30a00fe8747994694336a51e56123afb\",\"name\":\"zetha@zta-management.com\",\"image\":{\"@type\":\"ImageObject\",\"inLanguage\":\"en-US\",\"@id\":\"https:\/\/zta-management.com\/en\/#\/schema\/person\/image\/\",\"url\":\"https:\/\/secure.gravatar.com\/avatar\/1dc2cabbb04678a4c6b2f5553f1a7fd37e6eafff9f7c51bf3bf6306ae814b508?s=96&d=mm&r=g\",\"contentUrl\":\"https:\/\/secure.gravatar.com\/avatar\/1dc2cabbb04678a4c6b2f5553f1a7fd37e6eafff9f7c51bf3bf6306ae814b508?s=96&d=mm&r=g\",\"caption\":\"zetha@zta-management.com\"},\"url\":\"https:\/\/zta-management.com\/en\/author\/zethazta-management-com\/\"}]}<\/script>\n<!-- \/ Yoast SEO plugin. -->","yoast_head_json":{"title":"Cristina Do Rego zu Gast in der RBB Abendshow mit Ingmar Stadelmann - ZTA Management","robots":{"index":"index","follow":"follow","max-snippet":"max-snippet:-1","max-image-preview":"max-image-preview:large","max-video-preview":"max-video-preview:-1"},"canonical":"https:\/\/zta-management.com\/en\/cristina-do-rego-zu-gast-in-der-rbb-abendschau-mit-ingmar-stadelmann\/","og_locale":"en_US","og_type":"article","og_title":"Cristina Do Rego zu Gast in der RBB Abendshow mit Ingmar Stadelmann - ZTA Management","og_description":"In ihrem Gastauftritt in der RBB Abendshow mit Ingmar Stadelmann spricht Cristina unter anderem \u00fcber den podcast UnterDry. Nach 6 w\u00f6chiger Pause kehren Cristina und ihre Schauspielkolleginnen Anna Maria M\u00fche und Jasna Fritzi Bauer endlich an die Mikrofone zur\u00fcck. Wenn ihr das Live Gespr\u00e4ch verpasst habt, k\u00f6nnt ihr es hier in der Mediathek nachschauen.","og_url":"https:\/\/zta-management.com\/en\/cristina-do-rego-zu-gast-in-der-rbb-abendschau-mit-ingmar-stadelmann\/","og_site_name":"ZTA Management","article_published_time":"2021-09-07T10:06:32+00:00","og_image":[{"width":1707,"height":2560,"url":"https:\/\/zta-management.com\/wp-content\/uploads\/2021\/09\/MG_4412n-scaled.jpg","type":"image\/jpeg"}],"author":"zetha@zta-management.com","twitter_card":"summary_large_image","twitter_misc":{"Written by":"zetha@zta-management.com"},"schema":{"@context":"https:\/\/schema.org","@graph":[{"@type":"Article","@id":"https:\/\/zta-management.com\/cristina-do-rego-zu-gast-in-der-rbb-abendschau-mit-ingmar-stadelmann\/#article","isPartOf":{"@id":"https:\/\/zta-management.com\/cristina-do-rego-zu-gast-in-der-rbb-abendschau-mit-ingmar-stadelmann\/"},"author":{"name":"zetha@zta-management.com","@id":"https:\/\/zta-management.com\/en\/#\/schema\/person\/30a00fe8747994694336a51e56123afb"},"headline":"Cristina Do Rego zu Gast in der RBB Abendshow mit Ingmar Stadelmann","datePublished":"2021-09-07T10:06:32+00:00","mainEntityOfPage":{"@id":"https:\/\/zta-management.com\/cristina-do-rego-zu-gast-in-der-rbb-abendschau-mit-ingmar-stadelmann\/"},"wordCount":70,"commentCount":0,"publisher":{"@id":"https:\/\/zta-management.com\/en\/#organization"},"articleSection":["Cristina Do Rego"],"inLanguage":"en-US","potentialAction":[{"@type":"CommentAction","name":"Comment","target":["https:\/\/zta-management.com\/cristina-do-rego-zu-gast-in-der-rbb-abendschau-mit-ingmar-stadelmann\/#respond"]}]},{"@type":"WebPage","@id":"https:\/\/zta-management.com\/cristina-do-rego-zu-gast-in-der-rbb-abendschau-mit-ingmar-stadelmann\/","url":"https:\/\/zta-management.com\/cristina-do-rego-zu-gast-in-der-rbb-abendschau-mit-ingmar-stadelmann\/","name":"Cristina Do Rego zu Gast in der RBB Abendshow mit Ingmar Stadelmann - ZTA Management","isPartOf":{"@id":"https:\/\/zta-management.com\/en\/#website"},"datePublished":"2021-09-07T10:06:32+00:00","breadcrumb":{"@id":"https:\/\/zta-management.com\/cristina-do-rego-zu-gast-in-der-rbb-abendschau-mit-ingmar-stadelmann\/#breadcrumb"},"inLanguage":"en-US","potentialAction":[{"@type":"ReadAction","target":["https:\/\/zta-management.com\/cristina-do-rego-zu-gast-in-der-rbb-abendschau-mit-ingmar-stadelmann\/"]}]},{"@type":"BreadcrumbList","@id":"https:\/\/zta-management.com\/cristina-do-rego-zu-gast-in-der-rbb-abendschau-mit-ingmar-stadelmann\/#breadcrumb","itemListElement":[{"@type":"ListItem","position":1,"name":"Startseite","item":"https:\/\/zta-management.com\/"},{"@type":"ListItem","position":2,"name":"Cristina Do Rego zu Gast in der RBB Abendshow mit Ingmar Stadelmann"}]},{"@type":"WebSite","@id":"https:\/\/zta-management.com\/en\/#website","url":"https:\/\/zta-management.com\/en\/","name":"ZTA Management","description":"K\u00fcnstler:innen Management","publisher":{"@id":"https:\/\/zta-management.com\/en\/#organization"},"potentialAction":[{"@type":"SearchAction","target":{"@type":"EntryPoint","urlTemplate":"https:\/\/zta-management.com\/en\/?s={search_term_string}"},"query-input":{"@type":"PropertyValueSpecification","valueRequired":true,"valueName":"search_term_string"}}],"inLanguage":"en-US"},{"@type":"Organization","@id":"https:\/\/zta-management.com\/en\/#organization","name":"ZTA Management","url":"https:\/\/zta-management.com\/en\/","logo":{"@type":"ImageObject","inLanguage":"en-US","@id":"https:\/\/zta-management.com\/en\/#\/schema\/logo\/image\/","url":"https:\/\/zta-management.com\/wp-content\/uploads\/2025\/06\/ZTA-Logo-blau-rosa.png","contentUrl":"https:\/\/zta-management.com\/wp-content\/uploads\/2025\/06\/ZTA-Logo-blau-rosa.png","width":1200,"height":1200,"caption":"ZTA Management"},"image":{"@id":"https:\/\/zta-management.com\/en\/#\/schema\/logo\/image\/"},"sameAs":["https:\/\/www.instagram.com\/ztamanagement\/","https:\/\/www.linkedin.com\/in\/zetha-asafu-adjaye-b539b1126\/"]},{"@type":"Person","@id":"https:\/\/zta-management.com\/en\/#\/schema\/person\/30a00fe8747994694336a51e56123afb","name":"zetha@zta-management.com","image":{"@type":"ImageObject","inLanguage":"en-US","@id":"https:\/\/zta-management.com\/en\/#\/schema\/person\/image\/","url":"https:\/\/secure.gravatar.com\/avatar\/1dc2cabbb04678a4c6b2f5553f1a7fd37e6eafff9f7c51bf3bf6306ae814b508?s=96&d=mm&r=g","contentUrl":"https:\/\/secure.gravatar.com\/avatar\/1dc2cabbb04678a4c6b2f5553f1a7fd37e6eafff9f7c51bf3bf6306ae814b508?s=96&d=mm&r=g","caption":"zetha@zta-management.com"},"url":"https:\/\/zta-management.com\/en\/author\/zethazta-management-com\/"}]}},"_links":{"self":[{"href":"https:\/\/zta-management.com\/en\/wp-json\/wp\/v2\/posts\/2120","targetHints":{"allow":["GET"]}}],"collection":[{"href":"https:\/\/zta-management.com\/en\/wp-json\/wp\/v2\/posts"}],"about":[{"href":"https:\/\/zta-management.com\/en\/wp-json\/wp\/v2\/types\/post"}],"author":[{"embeddable":true,"href":"https:\/\/zta-management.com\/en\/wp-json\/wp\/v2\/users\/3"}],"replies":[{"embeddable":true,"href":"https:\/\/zta-management.com\/en\/wp-json\/wp\/v2\/comments?post=2120"}],"version-history":[{"count":0,"href":"https:\/\/zta-management.com\/en\/wp-json\/wp\/v2\/posts\/2120\/revisions"}],"wp:attachment":[{"href":"https:\/\/zta-management.com\/en\/wp-json\/wp\/v2\/media?parent=2120"}],"wp:term":[{"taxonomy":"category","embeddable":true,"href":"https:\/\/zta-management.com\/en\/wp-json\/wp\/v2\/categories?post=2120"},{"taxonomy":"post_tag","embeddable":true,"href":"https:\/\/zta-management.com\/en\/wp-json\/wp\/v2\/tags?post=2120"}],"curies":[{"name":"wp","href":"https:\/\/api.w.org\/{rel}","templated":true}]}}