{"id":4644,"date":"2024-03-11T14:40:33","date_gmt":"2024-03-11T13:40:33","guid":{"rendered":"https:\/\/zta-management.com\/?p=4644"},"modified":"2024-03-18T14:47:40","modified_gmt":"2024-03-18T13:47:40","slug":"eugen-bauder-mit-neuen-fotos-von-vero-bielinski","status":"publish","type":"post","link":"https:\/\/zta-management.com\/en\/eugen-bauder-mit-neuen-fotos-von-vero-bielinski\/","title":{"rendered":"Eugen Bauder mit neuen Fotos von Vero Bielinski"},"content":{"rendered":"<p>Eugen Bauder pr\u00e4sentiert sich mit fabelhaften neuen Fotos von Vero Bielinski w\u00e4hrend der Berlinale. Einige der Fotos findet ihr auf den g\u00e4ngigen Castingplattformen wie zum Beispiel <a href=\"https:\/\/www.filmmakers.eu\/de\/actors\/eugen-bauder\" target=\"_blank\" rel=\"noopener\">Filmmakers<\/a>.<\/p>","protected":false},"excerpt":{"rendered":"<p>Eugen Bauder pr\u00e4sentiert sich mit fabelhaften neuen Fotos von Vero Bielinski w\u00e4hrend der Berlinale. Einige der Fotos findet ihr auf den g\u00e4ngigen Castingplattformen wie zum Beispiel Filmmakers.<\/p>","protected":false},"author":3,"featured_media":4645,"comment_status":"open","ping_status":"open","sticky":false,"template":"","format":"standard","meta":{"inline_featured_image":false,"footnotes":""},"categories":[1],"tags":[],"class_list":["post-4644","post","type-post","status-publish","format-standard","has-post-thumbnail","hentry","category-uncategorized"],"yoast_head":"<!-- This site is optimized with the Yoast SEO plugin v27.0 - https:\/\/yoast.com\/product\/yoast-seo-wordpress\/ -->\n<title>Eugen Bauder mit neuen Fotos von Vero Bielinski - ZTA Management<\/title>\n<meta name=\"robots\" content=\"index, follow, max-snippet:-1, max-image-preview:large, max-video-preview:-1\" \/>\n<link rel=\"canonical\" href=\"https:\/\/zta-management.com\/en\/eugen-bauder-mit-neuen-fotos-von-vero-bielinski\/\" \/>\n<meta property=\"og:locale\" content=\"en_US\" \/>\n<meta property=\"og:type\" content=\"article\" \/>\n<meta property=\"og:title\" content=\"Eugen Bauder mit neuen Fotos von Vero Bielinski - ZTA Management\" \/>\n<meta property=\"og:description\" content=\"Eugen Bauder pr\u00e4sentiert sich mit fabelhaften neuen Fotos von Vero Bielinski w\u00e4hrend der Berlinale. Einige der Fotos findet ihr auf den g\u00e4ngigen Castingplattformen wie zum Beispiel Filmmakers.\" \/>\n<meta property=\"og:url\" content=\"https:\/\/zta-management.com\/en\/eugen-bauder-mit-neuen-fotos-von-vero-bielinski\/\" \/>\n<meta property=\"og:site_name\" content=\"ZTA Management\" \/>\n<meta property=\"article:published_time\" content=\"2024-03-11T13:40:33+00:00\" \/>\n<meta property=\"article:modified_time\" content=\"2024-03-18T13:47:40+00:00\" \/>\n<meta property=\"og:image\" content=\"https:\/\/zta-management.com\/wp-content\/uploads\/2024\/03\/Eugen_Bauder_Februar_2024-024-scaled.jpg\" \/>\n\t<meta property=\"og:image:width\" content=\"1707\" \/>\n\t<meta property=\"og:image:height\" content=\"2560\" \/>\n\t<meta property=\"og:image:type\" content=\"image\/jpeg\" \/>\n<meta name=\"author\" content=\"zetha@zta-management.com\" \/>\n<meta name=\"twitter:card\" content=\"summary_large_image\" \/>\n<meta name=\"twitter:label1\" content=\"Written by\" \/>\n\t<meta name=\"twitter:data1\" content=\"zetha@zta-management.com\" \/>\n<script type=\"application\/ld+json\" class=\"yoast-schema-graph\">{\"@context\":\"https:\/\/schema.org\",\"@graph\":[{\"@type\":\"Article\",\"@id\":\"https:\/\/zta-management.com\/eugen-bauder-mit-neuen-fotos-von-vero-bielinski\/#article\",\"isPartOf\":{\"@id\":\"https:\/\/zta-management.com\/eugen-bauder-mit-neuen-fotos-von-vero-bielinski\/\"},\"author\":{\"name\":\"zetha@zta-management.com\",\"@id\":\"https:\/\/zta-management.com\/en\/#\/schema\/person\/30a00fe8747994694336a51e56123afb\"},\"headline\":\"Eugen Bauder mit neuen Fotos von Vero Bielinski\",\"datePublished\":\"2024-03-11T13:40:33+00:00\",\"dateModified\":\"2024-03-18T13:47:40+00:00\",\"mainEntityOfPage\":{\"@id\":\"https:\/\/zta-management.com\/eugen-bauder-mit-neuen-fotos-von-vero-bielinski\/\"},\"wordCount\":38,\"commentCount\":0,\"publisher\":{\"@id\":\"https:\/\/zta-management.com\/en\/#organization\"},\"image\":{\"@id\":\"https:\/\/zta-management.com\/eugen-bauder-mit-neuen-fotos-von-vero-bielinski\/#primaryimage\"},\"thumbnailUrl\":\"https:\/\/zta-management.com\/wp-content\/uploads\/2024\/03\/Eugen_Bauder_Februar_2024-024-scaled.jpg\",\"inLanguage\":\"en-US\",\"potentialAction\":[{\"@type\":\"CommentAction\",\"name\":\"Comment\",\"target\":[\"https:\/\/zta-management.com\/eugen-bauder-mit-neuen-fotos-von-vero-bielinski\/#respond\"]}]},{\"@type\":\"WebPage\",\"@id\":\"https:\/\/zta-management.com\/eugen-bauder-mit-neuen-fotos-von-vero-bielinski\/\",\"url\":\"https:\/\/zta-management.com\/eugen-bauder-mit-neuen-fotos-von-vero-bielinski\/\",\"name\":\"Eugen Bauder mit neuen Fotos von Vero Bielinski - ZTA Management\",\"isPartOf\":{\"@id\":\"https:\/\/zta-management.com\/en\/#website\"},\"primaryImageOfPage\":{\"@id\":\"https:\/\/zta-management.com\/eugen-bauder-mit-neuen-fotos-von-vero-bielinski\/#primaryimage\"},\"image\":{\"@id\":\"https:\/\/zta-management.com\/eugen-bauder-mit-neuen-fotos-von-vero-bielinski\/#primaryimage\"},\"thumbnailUrl\":\"https:\/\/zta-management.com\/wp-content\/uploads\/2024\/03\/Eugen_Bauder_Februar_2024-024-scaled.jpg\",\"datePublished\":\"2024-03-11T13:40:33+00:00\",\"dateModified\":\"2024-03-18T13:47:40+00:00\",\"breadcrumb\":{\"@id\":\"https:\/\/zta-management.com\/eugen-bauder-mit-neuen-fotos-von-vero-bielinski\/#breadcrumb\"},\"inLanguage\":\"en-US\",\"potentialAction\":[{\"@type\":\"ReadAction\",\"target\":[\"https:\/\/zta-management.com\/eugen-bauder-mit-neuen-fotos-von-vero-bielinski\/\"]}]},{\"@type\":\"ImageObject\",\"inLanguage\":\"en-US\",\"@id\":\"https:\/\/zta-management.com\/eugen-bauder-mit-neuen-fotos-von-vero-bielinski\/#primaryimage\",\"url\":\"https:\/\/zta-management.com\/wp-content\/uploads\/2024\/03\/Eugen_Bauder_Februar_2024-024-scaled.jpg\",\"contentUrl\":\"https:\/\/zta-management.com\/wp-content\/uploads\/2024\/03\/Eugen_Bauder_Februar_2024-024-scaled.jpg\",\"width\":1707,\"height\":2560},{\"@type\":\"BreadcrumbList\",\"@id\":\"https:\/\/zta-management.com\/eugen-bauder-mit-neuen-fotos-von-vero-bielinski\/#breadcrumb\",\"itemListElement\":[{\"@type\":\"ListItem\",\"position\":1,\"name\":\"Startseite\",\"item\":\"https:\/\/zta-management.com\/\"},{\"@type\":\"ListItem\",\"position\":2,\"name\":\"Eugen Bauder mit neuen Fotos von Vero Bielinski\"}]},{\"@type\":\"WebSite\",\"@id\":\"https:\/\/zta-management.com\/en\/#website\",\"url\":\"https:\/\/zta-management.com\/en\/\",\"name\":\"ZTA Management\",\"description\":\"K\u00fcnstler:innen Management\",\"publisher\":{\"@id\":\"https:\/\/zta-management.com\/en\/#organization\"},\"potentialAction\":[{\"@type\":\"SearchAction\",\"target\":{\"@type\":\"EntryPoint\",\"urlTemplate\":\"https:\/\/zta-management.com\/en\/?s={search_term_string}\"},\"query-input\":{\"@type\":\"PropertyValueSpecification\",\"valueRequired\":true,\"valueName\":\"search_term_string\"}}],\"inLanguage\":\"en-US\"},{\"@type\":\"Organization\",\"@id\":\"https:\/\/zta-management.com\/en\/#organization\",\"name\":\"ZTA Management\",\"url\":\"https:\/\/zta-management.com\/en\/\",\"logo\":{\"@type\":\"ImageObject\",\"inLanguage\":\"en-US\",\"@id\":\"https:\/\/zta-management.com\/en\/#\/schema\/logo\/image\/\",\"url\":\"https:\/\/zta-management.com\/wp-content\/uploads\/2025\/06\/ZTA-Logo-blau-rosa.png\",\"contentUrl\":\"https:\/\/zta-management.com\/wp-content\/uploads\/2025\/06\/ZTA-Logo-blau-rosa.png\",\"width\":1200,\"height\":1200,\"caption\":\"ZTA Management\"},\"image\":{\"@id\":\"https:\/\/zta-management.com\/en\/#\/schema\/logo\/image\/\"},\"sameAs\":[\"https:\/\/www.instagram.com\/ztamanagement\/\",\"https:\/\/www.linkedin.com\/in\/zetha-asafu-adjaye-b539b1126\/\"]},{\"@type\":\"Person\",\"@id\":\"https:\/\/zta-management.com\/en\/#\/schema\/person\/30a00fe8747994694336a51e56123afb\",\"name\":\"zetha@zta-management.com\",\"image\":{\"@type\":\"ImageObject\",\"inLanguage\":\"en-US\",\"@id\":\"https:\/\/zta-management.com\/en\/#\/schema\/person\/image\/\",\"url\":\"https:\/\/secure.gravatar.com\/avatar\/1dc2cabbb04678a4c6b2f5553f1a7fd37e6eafff9f7c51bf3bf6306ae814b508?s=96&d=mm&r=g\",\"contentUrl\":\"https:\/\/secure.gravatar.com\/avatar\/1dc2cabbb04678a4c6b2f5553f1a7fd37e6eafff9f7c51bf3bf6306ae814b508?s=96&d=mm&r=g\",\"caption\":\"zetha@zta-management.com\"},\"url\":\"https:\/\/zta-management.com\/en\/author\/zethazta-management-com\/\"}]}<\/script>\n<!-- \/ Yoast SEO plugin. -->","yoast_head_json":{"title":"Eugen Bauder mit neuen Fotos von Vero Bielinski - ZTA Management","robots":{"index":"index","follow":"follow","max-snippet":"max-snippet:-1","max-image-preview":"max-image-preview:large","max-video-preview":"max-video-preview:-1"},"canonical":"https:\/\/zta-management.com\/en\/eugen-bauder-mit-neuen-fotos-von-vero-bielinski\/","og_locale":"en_US","og_type":"article","og_title":"Eugen Bauder mit neuen Fotos von Vero Bielinski - ZTA Management","og_description":"Eugen Bauder pr\u00e4sentiert sich mit fabelhaften neuen Fotos von Vero Bielinski w\u00e4hrend der Berlinale. Einige der Fotos findet ihr auf den g\u00e4ngigen Castingplattformen wie zum Beispiel Filmmakers.","og_url":"https:\/\/zta-management.com\/en\/eugen-bauder-mit-neuen-fotos-von-vero-bielinski\/","og_site_name":"ZTA Management","article_published_time":"2024-03-11T13:40:33+00:00","article_modified_time":"2024-03-18T13:47:40+00:00","og_image":[{"width":1707,"height":2560,"url":"https:\/\/zta-management.com\/wp-content\/uploads\/2024\/03\/Eugen_Bauder_Februar_2024-024-scaled.jpg","type":"image\/jpeg"}],"author":"zetha@zta-management.com","twitter_card":"summary_large_image","twitter_misc":{"Written by":"zetha@zta-management.com"},"schema":{"@context":"https:\/\/schema.org","@graph":[{"@type":"Article","@id":"https:\/\/zta-management.com\/eugen-bauder-mit-neuen-fotos-von-vero-bielinski\/#article","isPartOf":{"@id":"https:\/\/zta-management.com\/eugen-bauder-mit-neuen-fotos-von-vero-bielinski\/"},"author":{"name":"zetha@zta-management.com","@id":"https:\/\/zta-management.com\/en\/#\/schema\/person\/30a00fe8747994694336a51e56123afb"},"headline":"Eugen Bauder mit neuen Fotos von Vero Bielinski","datePublished":"2024-03-11T13:40:33+00:00","dateModified":"2024-03-18T13:47:40+00:00","mainEntityOfPage":{"@id":"https:\/\/zta-management.com\/eugen-bauder-mit-neuen-fotos-von-vero-bielinski\/"},"wordCount":38,"commentCount":0,"publisher":{"@id":"https:\/\/zta-management.com\/en\/#organization"},"image":{"@id":"https:\/\/zta-management.com\/eugen-bauder-mit-neuen-fotos-von-vero-bielinski\/#primaryimage"},"thumbnailUrl":"https:\/\/zta-management.com\/wp-content\/uploads\/2024\/03\/Eugen_Bauder_Februar_2024-024-scaled.jpg","inLanguage":"en-US","potentialAction":[{"@type":"CommentAction","name":"Comment","target":["https:\/\/zta-management.com\/eugen-bauder-mit-neuen-fotos-von-vero-bielinski\/#respond"]}]},{"@type":"WebPage","@id":"https:\/\/zta-management.com\/eugen-bauder-mit-neuen-fotos-von-vero-bielinski\/","url":"https:\/\/zta-management.com\/eugen-bauder-mit-neuen-fotos-von-vero-bielinski\/","name":"Eugen Bauder mit neuen Fotos von Vero Bielinski - ZTA Management","isPartOf":{"@id":"https:\/\/zta-management.com\/en\/#website"},"primaryImageOfPage":{"@id":"https:\/\/zta-management.com\/eugen-bauder-mit-neuen-fotos-von-vero-bielinski\/#primaryimage"},"image":{"@id":"https:\/\/zta-management.com\/eugen-bauder-mit-neuen-fotos-von-vero-bielinski\/#primaryimage"},"thumbnailUrl":"https:\/\/zta-management.com\/wp-content\/uploads\/2024\/03\/Eugen_Bauder_Februar_2024-024-scaled.jpg","datePublished":"2024-03-11T13:40:33+00:00","dateModified":"2024-03-18T13:47:40+00:00","breadcrumb":{"@id":"https:\/\/zta-management.com\/eugen-bauder-mit-neuen-fotos-von-vero-bielinski\/#breadcrumb"},"inLanguage":"en-US","potentialAction":[{"@type":"ReadAction","target":["https:\/\/zta-management.com\/eugen-bauder-mit-neuen-fotos-von-vero-bielinski\/"]}]},{"@type":"ImageObject","inLanguage":"en-US","@id":"https:\/\/zta-management.com\/eugen-bauder-mit-neuen-fotos-von-vero-bielinski\/#primaryimage","url":"https:\/\/zta-management.com\/wp-content\/uploads\/2024\/03\/Eugen_Bauder_Februar_2024-024-scaled.jpg","contentUrl":"https:\/\/zta-management.com\/wp-content\/uploads\/2024\/03\/Eugen_Bauder_Februar_2024-024-scaled.jpg","width":1707,"height":2560},{"@type":"BreadcrumbList","@id":"https:\/\/zta-management.com\/eugen-bauder-mit-neuen-fotos-von-vero-bielinski\/#breadcrumb","itemListElement":[{"@type":"ListItem","position":1,"name":"Startseite","item":"https:\/\/zta-management.com\/"},{"@type":"ListItem","position":2,"name":"Eugen Bauder mit neuen Fotos von Vero Bielinski"}]},{"@type":"WebSite","@id":"https:\/\/zta-management.com\/en\/#website","url":"https:\/\/zta-management.com\/en\/","name":"ZTA Management","description":"K\u00fcnstler:innen Management","publisher":{"@id":"https:\/\/zta-management.com\/en\/#organization"},"potentialAction":[{"@type":"SearchAction","target":{"@type":"EntryPoint","urlTemplate":"https:\/\/zta-management.com\/en\/?s={search_term_string}"},"query-input":{"@type":"PropertyValueSpecification","valueRequired":true,"valueName":"search_term_string"}}],"inLanguage":"en-US"},{"@type":"Organization","@id":"https:\/\/zta-management.com\/en\/#organization","name":"ZTA Management","url":"https:\/\/zta-management.com\/en\/","logo":{"@type":"ImageObject","inLanguage":"en-US","@id":"https:\/\/zta-management.com\/en\/#\/schema\/logo\/image\/","url":"https:\/\/zta-management.com\/wp-content\/uploads\/2025\/06\/ZTA-Logo-blau-rosa.png","contentUrl":"https:\/\/zta-management.com\/wp-content\/uploads\/2025\/06\/ZTA-Logo-blau-rosa.png","width":1200,"height":1200,"caption":"ZTA Management"},"image":{"@id":"https:\/\/zta-management.com\/en\/#\/schema\/logo\/image\/"},"sameAs":["https:\/\/www.instagram.com\/ztamanagement\/","https:\/\/www.linkedin.com\/in\/zetha-asafu-adjaye-b539b1126\/"]},{"@type":"Person","@id":"https:\/\/zta-management.com\/en\/#\/schema\/person\/30a00fe8747994694336a51e56123afb","name":"zetha@zta-management.com","image":{"@type":"ImageObject","inLanguage":"en-US","@id":"https:\/\/zta-management.com\/en\/#\/schema\/person\/image\/","url":"https:\/\/secure.gravatar.com\/avatar\/1dc2cabbb04678a4c6b2f5553f1a7fd37e6eafff9f7c51bf3bf6306ae814b508?s=96&d=mm&r=g","contentUrl":"https:\/\/secure.gravatar.com\/avatar\/1dc2cabbb04678a4c6b2f5553f1a7fd37e6eafff9f7c51bf3bf6306ae814b508?s=96&d=mm&r=g","caption":"zetha@zta-management.com"},"url":"https:\/\/zta-management.com\/en\/author\/zethazta-management-com\/"}]}},"_links":{"self":[{"href":"https:\/\/zta-management.com\/en\/wp-json\/wp\/v2\/posts\/4644","targetHints":{"allow":["GET"]}}],"collection":[{"href":"https:\/\/zta-management.com\/en\/wp-json\/wp\/v2\/posts"}],"about":[{"href":"https:\/\/zta-management.com\/en\/wp-json\/wp\/v2\/types\/post"}],"author":[{"embeddable":true,"href":"https:\/\/zta-management.com\/en\/wp-json\/wp\/v2\/users\/3"}],"replies":[{"embeddable":true,"href":"https:\/\/zta-management.com\/en\/wp-json\/wp\/v2\/comments?post=4644"}],"version-history":[{"count":0,"href":"https:\/\/zta-management.com\/en\/wp-json\/wp\/v2\/posts\/4644\/revisions"}],"wp:featuredmedia":[{"embeddable":true,"href":"https:\/\/zta-management.com\/en\/wp-json\/wp\/v2\/media\/4645"}],"wp:attachment":[{"href":"https:\/\/zta-management.com\/en\/wp-json\/wp\/v2\/media?parent=4644"}],"wp:term":[{"taxonomy":"category","embeddable":true,"href":"https:\/\/zta-management.com\/en\/wp-json\/wp\/v2\/categories?post=4644"},{"taxonomy":"post_tag","embeddable":true,"href":"https:\/\/zta-management.com\/en\/wp-json\/wp\/v2\/tags?post=4644"}],"curies":[{"name":"wp","href":"https:\/\/api.w.org\/{rel}","templated":true}]}}