{"id":6644,"date":"2025-07-01T15:54:57","date_gmt":"2025-07-01T13:54:57","guid":{"rendered":"https:\/\/zta-management.com\/?p=6644"},"modified":"2025-07-29T16:03:26","modified_gmt":"2025-07-29T14:03:26","slug":"benita-bailey-moderiert-die-verleihung-des-24-friedenspreises-des-deutschen-films-die-bruecke","status":"publish","type":"post","link":"https:\/\/zta-management.com\/en\/benita-bailey-moderiert-die-verleihung-des-24-friedenspreises-des-deutschen-films-die-bruecke\/","title":{"rendered":"Benita Bailey moderiert die Verleihung des 24. &#8222;Friedenspreises des Deutschen Films &#8211; Die Br\u00fccke&#8220;"},"content":{"rendered":"<p>Benita Bailey moderierte die Verleihung des 24. &#8222;Friedenspreises des Deutschen Films &#8211; Die Br\u00fccke&#8220;. 3Sat hat das Event im linearen Fernsehen \u00fcbertragen. Die Verleihung ist nun in der <a href=\"https:\/\/www.ardmediathek.de\/sendung\/friedenspreis-des-deutschen-films-die-bruecke\/Y3JpZDovL2JyLmRlL2Jyb2FkY2FzdFNlcmllcy83NzBhMzNhOS02NTMxLTRkODgtOTNiMC1lZTc3OGYxYTk0Yzk\" target=\"_blank\" rel=\"noopener\">ARD Mediathek<\/a> verf\u00fcgbar!<\/p>","protected":false},"excerpt":{"rendered":"<p>Benita Bailey moderierte die Verleihung des 24. &#8222;Friedenspreises des Deutschen Films &#8211; Die Br\u00fccke&#8220;. 3Sat hat das Event im linearen Fernsehen \u00fcbertragen. Die Verleihung ist nun in der ARD Mediathek verf\u00fcgbar!<\/p>","protected":false},"author":3,"featured_media":6438,"comment_status":"open","ping_status":"open","sticky":false,"template":"","format":"standard","meta":{"inline_featured_image":false,"footnotes":""},"categories":[22],"tags":[],"class_list":["post-6644","post","type-post","status-publish","format-standard","has-post-thumbnail","hentry","category-benita-bailey"],"yoast_head":"<!-- This site is optimized with the Yoast SEO plugin v27.0 - https:\/\/yoast.com\/product\/yoast-seo-wordpress\/ -->\n<title>Benita Bailey moderiert die Verleihung des 24. &quot;Friedenspreises des Deutschen Films - Die Br\u00fccke&quot; - ZTA Management<\/title>\n<meta name=\"robots\" content=\"index, follow, max-snippet:-1, max-image-preview:large, max-video-preview:-1\" \/>\n<link rel=\"canonical\" href=\"https:\/\/zta-management.com\/en\/benita-bailey-moderiert-die-verleihung-des-24-friedenspreises-des-deutschen-films-die-bruecke\/\" \/>\n<meta property=\"og:locale\" content=\"en_US\" \/>\n<meta property=\"og:type\" content=\"article\" \/>\n<meta property=\"og:title\" content=\"Benita Bailey moderiert die Verleihung des 24. &quot;Friedenspreises des Deutschen Films - Die Br\u00fccke&quot; - ZTA Management\" \/>\n<meta property=\"og:description\" content=\"Benita Bailey moderierte die Verleihung des 24. &#8222;Friedenspreises des Deutschen Films &#8211; Die Br\u00fccke&#8220;. 3Sat hat das Event im linearen Fernsehen \u00fcbertragen. Die Verleihung ist nun in der ARD Mediathek verf\u00fcgbar!\" \/>\n<meta property=\"og:url\" content=\"https:\/\/zta-management.com\/en\/benita-bailey-moderiert-die-verleihung-des-24-friedenspreises-des-deutschen-films-die-bruecke\/\" \/>\n<meta property=\"og:site_name\" content=\"ZTA Management\" \/>\n<meta property=\"article:published_time\" content=\"2025-07-01T13:54:57+00:00\" \/>\n<meta property=\"article:modified_time\" content=\"2025-07-29T14:03:26+00:00\" \/>\n<meta property=\"og:image\" content=\"https:\/\/zta-management.com\/wp-content\/uploads\/2025\/04\/05_07.jpeg\" \/>\n\t<meta property=\"og:image:width\" content=\"1695\" \/>\n\t<meta property=\"og:image:height\" content=\"2126\" \/>\n\t<meta property=\"og:image:type\" content=\"image\/jpeg\" \/>\n<meta name=\"author\" content=\"zetha@zta-management.com\" \/>\n<meta name=\"twitter:card\" content=\"summary_large_image\" \/>\n<meta name=\"twitter:label1\" content=\"Written by\" \/>\n\t<meta name=\"twitter:data1\" content=\"zetha@zta-management.com\" \/>\n\t<meta name=\"twitter:label2\" content=\"Est. reading time\" \/>\n\t<meta name=\"twitter:data2\" content=\"1 minute\" \/>\n<script type=\"application\/ld+json\" class=\"yoast-schema-graph\">{\"@context\":\"https:\/\/schema.org\",\"@graph\":[{\"@type\":\"Article\",\"@id\":\"https:\/\/zta-management.com\/benita-bailey-moderiert-die-verleihung-des-24-friedenspreises-des-deutschen-films-die-bruecke\/#article\",\"isPartOf\":{\"@id\":\"https:\/\/zta-management.com\/benita-bailey-moderiert-die-verleihung-des-24-friedenspreises-des-deutschen-films-die-bruecke\/\"},\"author\":{\"name\":\"zetha@zta-management.com\",\"@id\":\"https:\/\/zta-management.com\/en\/#\/schema\/person\/30a00fe8747994694336a51e56123afb\"},\"headline\":\"Benita Bailey moderiert die Verleihung des 24. &#8222;Friedenspreises des Deutschen Films &#8211; Die Br\u00fccke&#8220;\",\"datePublished\":\"2025-07-01T13:54:57+00:00\",\"dateModified\":\"2025-07-29T14:03:26+00:00\",\"mainEntityOfPage\":{\"@id\":\"https:\/\/zta-management.com\/benita-bailey-moderiert-die-verleihung-des-24-friedenspreises-des-deutschen-films-die-bruecke\/\"},\"wordCount\":46,\"commentCount\":0,\"publisher\":{\"@id\":\"https:\/\/zta-management.com\/en\/#organization\"},\"image\":{\"@id\":\"https:\/\/zta-management.com\/benita-bailey-moderiert-die-verleihung-des-24-friedenspreises-des-deutschen-films-die-bruecke\/#primaryimage\"},\"thumbnailUrl\":\"https:\/\/zta-management.com\/wp-content\/uploads\/2025\/04\/05_07.jpeg\",\"articleSection\":[\"Benita Bailey\"],\"inLanguage\":\"en-US\",\"potentialAction\":[{\"@type\":\"CommentAction\",\"name\":\"Comment\",\"target\":[\"https:\/\/zta-management.com\/benita-bailey-moderiert-die-verleihung-des-24-friedenspreises-des-deutschen-films-die-bruecke\/#respond\"]}]},{\"@type\":\"WebPage\",\"@id\":\"https:\/\/zta-management.com\/benita-bailey-moderiert-die-verleihung-des-24-friedenspreises-des-deutschen-films-die-bruecke\/\",\"url\":\"https:\/\/zta-management.com\/benita-bailey-moderiert-die-verleihung-des-24-friedenspreises-des-deutschen-films-die-bruecke\/\",\"name\":\"Benita Bailey moderiert die Verleihung des 24. \\\"Friedenspreises des Deutschen Films - Die Br\u00fccke\\\" - ZTA Management\",\"isPartOf\":{\"@id\":\"https:\/\/zta-management.com\/en\/#website\"},\"primaryImageOfPage\":{\"@id\":\"https:\/\/zta-management.com\/benita-bailey-moderiert-die-verleihung-des-24-friedenspreises-des-deutschen-films-die-bruecke\/#primaryimage\"},\"image\":{\"@id\":\"https:\/\/zta-management.com\/benita-bailey-moderiert-die-verleihung-des-24-friedenspreises-des-deutschen-films-die-bruecke\/#primaryimage\"},\"thumbnailUrl\":\"https:\/\/zta-management.com\/wp-content\/uploads\/2025\/04\/05_07.jpeg\",\"datePublished\":\"2025-07-01T13:54:57+00:00\",\"dateModified\":\"2025-07-29T14:03:26+00:00\",\"breadcrumb\":{\"@id\":\"https:\/\/zta-management.com\/benita-bailey-moderiert-die-verleihung-des-24-friedenspreises-des-deutschen-films-die-bruecke\/#breadcrumb\"},\"inLanguage\":\"en-US\",\"potentialAction\":[{\"@type\":\"ReadAction\",\"target\":[\"https:\/\/zta-management.com\/benita-bailey-moderiert-die-verleihung-des-24-friedenspreises-des-deutschen-films-die-bruecke\/\"]}]},{\"@type\":\"ImageObject\",\"inLanguage\":\"en-US\",\"@id\":\"https:\/\/zta-management.com\/benita-bailey-moderiert-die-verleihung-des-24-friedenspreises-des-deutschen-films-die-bruecke\/#primaryimage\",\"url\":\"https:\/\/zta-management.com\/wp-content\/uploads\/2025\/04\/05_07.jpeg\",\"contentUrl\":\"https:\/\/zta-management.com\/wp-content\/uploads\/2025\/04\/05_07.jpeg\",\"width\":1695,\"height\":2126},{\"@type\":\"BreadcrumbList\",\"@id\":\"https:\/\/zta-management.com\/benita-bailey-moderiert-die-verleihung-des-24-friedenspreises-des-deutschen-films-die-bruecke\/#breadcrumb\",\"itemListElement\":[{\"@type\":\"ListItem\",\"position\":1,\"name\":\"Startseite\",\"item\":\"https:\/\/zta-management.com\/\"},{\"@type\":\"ListItem\",\"position\":2,\"name\":\"Benita Bailey moderiert die Verleihung des 24. &#8222;Friedenspreises des Deutschen Films &#8211; Die Br\u00fccke&#8220;\"}]},{\"@type\":\"WebSite\",\"@id\":\"https:\/\/zta-management.com\/en\/#website\",\"url\":\"https:\/\/zta-management.com\/en\/\",\"name\":\"ZTA Management\",\"description\":\"K\u00fcnstler:innen Management\",\"publisher\":{\"@id\":\"https:\/\/zta-management.com\/en\/#organization\"},\"potentialAction\":[{\"@type\":\"SearchAction\",\"target\":{\"@type\":\"EntryPoint\",\"urlTemplate\":\"https:\/\/zta-management.com\/en\/?s={search_term_string}\"},\"query-input\":{\"@type\":\"PropertyValueSpecification\",\"valueRequired\":true,\"valueName\":\"search_term_string\"}}],\"inLanguage\":\"en-US\"},{\"@type\":\"Organization\",\"@id\":\"https:\/\/zta-management.com\/en\/#organization\",\"name\":\"ZTA Management\",\"url\":\"https:\/\/zta-management.com\/en\/\",\"logo\":{\"@type\":\"ImageObject\",\"inLanguage\":\"en-US\",\"@id\":\"https:\/\/zta-management.com\/en\/#\/schema\/logo\/image\/\",\"url\":\"https:\/\/zta-management.com\/wp-content\/uploads\/2025\/06\/ZTA-Logo-blau-rosa.png\",\"contentUrl\":\"https:\/\/zta-management.com\/wp-content\/uploads\/2025\/06\/ZTA-Logo-blau-rosa.png\",\"width\":1200,\"height\":1200,\"caption\":\"ZTA Management\"},\"image\":{\"@id\":\"https:\/\/zta-management.com\/en\/#\/schema\/logo\/image\/\"},\"sameAs\":[\"https:\/\/www.instagram.com\/ztamanagement\/\",\"https:\/\/www.linkedin.com\/in\/zetha-asafu-adjaye-b539b1126\/\"]},{\"@type\":\"Person\",\"@id\":\"https:\/\/zta-management.com\/en\/#\/schema\/person\/30a00fe8747994694336a51e56123afb\",\"name\":\"zetha@zta-management.com\",\"image\":{\"@type\":\"ImageObject\",\"inLanguage\":\"en-US\",\"@id\":\"https:\/\/zta-management.com\/en\/#\/schema\/person\/image\/\",\"url\":\"https:\/\/secure.gravatar.com\/avatar\/1dc2cabbb04678a4c6b2f5553f1a7fd37e6eafff9f7c51bf3bf6306ae814b508?s=96&d=mm&r=g\",\"contentUrl\":\"https:\/\/secure.gravatar.com\/avatar\/1dc2cabbb04678a4c6b2f5553f1a7fd37e6eafff9f7c51bf3bf6306ae814b508?s=96&d=mm&r=g\",\"caption\":\"zetha@zta-management.com\"},\"url\":\"https:\/\/zta-management.com\/en\/author\/zethazta-management-com\/\"}]}<\/script>\n<!-- \/ Yoast SEO plugin. -->","yoast_head_json":{"title":"Benita Bailey moderiert die Verleihung des 24. \"Friedenspreises des Deutschen Films - Die Br\u00fccke\" - ZTA Management","robots":{"index":"index","follow":"follow","max-snippet":"max-snippet:-1","max-image-preview":"max-image-preview:large","max-video-preview":"max-video-preview:-1"},"canonical":"https:\/\/zta-management.com\/en\/benita-bailey-moderiert-die-verleihung-des-24-friedenspreises-des-deutschen-films-die-bruecke\/","og_locale":"en_US","og_type":"article","og_title":"Benita Bailey moderiert die Verleihung des 24. \"Friedenspreises des Deutschen Films - Die Br\u00fccke\" - ZTA Management","og_description":"Benita Bailey moderierte die Verleihung des 24. &#8222;Friedenspreises des Deutschen Films &#8211; Die Br\u00fccke&#8220;. 3Sat hat das Event im linearen Fernsehen \u00fcbertragen. Die Verleihung ist nun in der ARD Mediathek verf\u00fcgbar!","og_url":"https:\/\/zta-management.com\/en\/benita-bailey-moderiert-die-verleihung-des-24-friedenspreises-des-deutschen-films-die-bruecke\/","og_site_name":"ZTA Management","article_published_time":"2025-07-01T13:54:57+00:00","article_modified_time":"2025-07-29T14:03:26+00:00","og_image":[{"width":1695,"height":2126,"url":"https:\/\/zta-management.com\/wp-content\/uploads\/2025\/04\/05_07.jpeg","type":"image\/jpeg"}],"author":"zetha@zta-management.com","twitter_card":"summary_large_image","twitter_misc":{"Written by":"zetha@zta-management.com","Est. reading time":"1 minute"},"schema":{"@context":"https:\/\/schema.org","@graph":[{"@type":"Article","@id":"https:\/\/zta-management.com\/benita-bailey-moderiert-die-verleihung-des-24-friedenspreises-des-deutschen-films-die-bruecke\/#article","isPartOf":{"@id":"https:\/\/zta-management.com\/benita-bailey-moderiert-die-verleihung-des-24-friedenspreises-des-deutschen-films-die-bruecke\/"},"author":{"name":"zetha@zta-management.com","@id":"https:\/\/zta-management.com\/en\/#\/schema\/person\/30a00fe8747994694336a51e56123afb"},"headline":"Benita Bailey moderiert die Verleihung des 24. &#8222;Friedenspreises des Deutschen Films &#8211; Die Br\u00fccke&#8220;","datePublished":"2025-07-01T13:54:57+00:00","dateModified":"2025-07-29T14:03:26+00:00","mainEntityOfPage":{"@id":"https:\/\/zta-management.com\/benita-bailey-moderiert-die-verleihung-des-24-friedenspreises-des-deutschen-films-die-bruecke\/"},"wordCount":46,"commentCount":0,"publisher":{"@id":"https:\/\/zta-management.com\/en\/#organization"},"image":{"@id":"https:\/\/zta-management.com\/benita-bailey-moderiert-die-verleihung-des-24-friedenspreises-des-deutschen-films-die-bruecke\/#primaryimage"},"thumbnailUrl":"https:\/\/zta-management.com\/wp-content\/uploads\/2025\/04\/05_07.jpeg","articleSection":["Benita Bailey"],"inLanguage":"en-US","potentialAction":[{"@type":"CommentAction","name":"Comment","target":["https:\/\/zta-management.com\/benita-bailey-moderiert-die-verleihung-des-24-friedenspreises-des-deutschen-films-die-bruecke\/#respond"]}]},{"@type":"WebPage","@id":"https:\/\/zta-management.com\/benita-bailey-moderiert-die-verleihung-des-24-friedenspreises-des-deutschen-films-die-bruecke\/","url":"https:\/\/zta-management.com\/benita-bailey-moderiert-die-verleihung-des-24-friedenspreises-des-deutschen-films-die-bruecke\/","name":"Benita Bailey moderiert die Verleihung des 24. \"Friedenspreises des Deutschen Films - Die Br\u00fccke\" - ZTA Management","isPartOf":{"@id":"https:\/\/zta-management.com\/en\/#website"},"primaryImageOfPage":{"@id":"https:\/\/zta-management.com\/benita-bailey-moderiert-die-verleihung-des-24-friedenspreises-des-deutschen-films-die-bruecke\/#primaryimage"},"image":{"@id":"https:\/\/zta-management.com\/benita-bailey-moderiert-die-verleihung-des-24-friedenspreises-des-deutschen-films-die-bruecke\/#primaryimage"},"thumbnailUrl":"https:\/\/zta-management.com\/wp-content\/uploads\/2025\/04\/05_07.jpeg","datePublished":"2025-07-01T13:54:57+00:00","dateModified":"2025-07-29T14:03:26+00:00","breadcrumb":{"@id":"https:\/\/zta-management.com\/benita-bailey-moderiert-die-verleihung-des-24-friedenspreises-des-deutschen-films-die-bruecke\/#breadcrumb"},"inLanguage":"en-US","potentialAction":[{"@type":"ReadAction","target":["https:\/\/zta-management.com\/benita-bailey-moderiert-die-verleihung-des-24-friedenspreises-des-deutschen-films-die-bruecke\/"]}]},{"@type":"ImageObject","inLanguage":"en-US","@id":"https:\/\/zta-management.com\/benita-bailey-moderiert-die-verleihung-des-24-friedenspreises-des-deutschen-films-die-bruecke\/#primaryimage","url":"https:\/\/zta-management.com\/wp-content\/uploads\/2025\/04\/05_07.jpeg","contentUrl":"https:\/\/zta-management.com\/wp-content\/uploads\/2025\/04\/05_07.jpeg","width":1695,"height":2126},{"@type":"BreadcrumbList","@id":"https:\/\/zta-management.com\/benita-bailey-moderiert-die-verleihung-des-24-friedenspreises-des-deutschen-films-die-bruecke\/#breadcrumb","itemListElement":[{"@type":"ListItem","position":1,"name":"Startseite","item":"https:\/\/zta-management.com\/"},{"@type":"ListItem","position":2,"name":"Benita Bailey moderiert die Verleihung des 24. &#8222;Friedenspreises des Deutschen Films &#8211; Die Br\u00fccke&#8220;"}]},{"@type":"WebSite","@id":"https:\/\/zta-management.com\/en\/#website","url":"https:\/\/zta-management.com\/en\/","name":"ZTA Management","description":"K\u00fcnstler:innen Management","publisher":{"@id":"https:\/\/zta-management.com\/en\/#organization"},"potentialAction":[{"@type":"SearchAction","target":{"@type":"EntryPoint","urlTemplate":"https:\/\/zta-management.com\/en\/?s={search_term_string}"},"query-input":{"@type":"PropertyValueSpecification","valueRequired":true,"valueName":"search_term_string"}}],"inLanguage":"en-US"},{"@type":"Organization","@id":"https:\/\/zta-management.com\/en\/#organization","name":"ZTA Management","url":"https:\/\/zta-management.com\/en\/","logo":{"@type":"ImageObject","inLanguage":"en-US","@id":"https:\/\/zta-management.com\/en\/#\/schema\/logo\/image\/","url":"https:\/\/zta-management.com\/wp-content\/uploads\/2025\/06\/ZTA-Logo-blau-rosa.png","contentUrl":"https:\/\/zta-management.com\/wp-content\/uploads\/2025\/06\/ZTA-Logo-blau-rosa.png","width":1200,"height":1200,"caption":"ZTA Management"},"image":{"@id":"https:\/\/zta-management.com\/en\/#\/schema\/logo\/image\/"},"sameAs":["https:\/\/www.instagram.com\/ztamanagement\/","https:\/\/www.linkedin.com\/in\/zetha-asafu-adjaye-b539b1126\/"]},{"@type":"Person","@id":"https:\/\/zta-management.com\/en\/#\/schema\/person\/30a00fe8747994694336a51e56123afb","name":"zetha@zta-management.com","image":{"@type":"ImageObject","inLanguage":"en-US","@id":"https:\/\/zta-management.com\/en\/#\/schema\/person\/image\/","url":"https:\/\/secure.gravatar.com\/avatar\/1dc2cabbb04678a4c6b2f5553f1a7fd37e6eafff9f7c51bf3bf6306ae814b508?s=96&d=mm&r=g","contentUrl":"https:\/\/secure.gravatar.com\/avatar\/1dc2cabbb04678a4c6b2f5553f1a7fd37e6eafff9f7c51bf3bf6306ae814b508?s=96&d=mm&r=g","caption":"zetha@zta-management.com"},"url":"https:\/\/zta-management.com\/en\/author\/zethazta-management-com\/"}]}},"_links":{"self":[{"href":"https:\/\/zta-management.com\/en\/wp-json\/wp\/v2\/posts\/6644","targetHints":{"allow":["GET"]}}],"collection":[{"href":"https:\/\/zta-management.com\/en\/wp-json\/wp\/v2\/posts"}],"about":[{"href":"https:\/\/zta-management.com\/en\/wp-json\/wp\/v2\/types\/post"}],"author":[{"embeddable":true,"href":"https:\/\/zta-management.com\/en\/wp-json\/wp\/v2\/users\/3"}],"replies":[{"embeddable":true,"href":"https:\/\/zta-management.com\/en\/wp-json\/wp\/v2\/comments?post=6644"}],"version-history":[{"count":1,"href":"https:\/\/zta-management.com\/en\/wp-json\/wp\/v2\/posts\/6644\/revisions"}],"predecessor-version":[{"id":6645,"href":"https:\/\/zta-management.com\/en\/wp-json\/wp\/v2\/posts\/6644\/revisions\/6645"}],"wp:featuredmedia":[{"embeddable":true,"href":"https:\/\/zta-management.com\/en\/wp-json\/wp\/v2\/media\/6438"}],"wp:attachment":[{"href":"https:\/\/zta-management.com\/en\/wp-json\/wp\/v2\/media?parent=6644"}],"wp:term":[{"taxonomy":"category","embeddable":true,"href":"https:\/\/zta-management.com\/en\/wp-json\/wp\/v2\/categories?post=6644"},{"taxonomy":"post_tag","embeddable":true,"href":"https:\/\/zta-management.com\/en\/wp-json\/wp\/v2\/tags?post=6644"}],"curies":[{"name":"wp","href":"https:\/\/api.w.org\/{rel}","templated":true}]}}