{"id":3083,"date":"2022-09-14T11:06:49","date_gmt":"2022-09-14T10:06:49","guid":{"rendered":"https:\/\/zta-management.com\/?p=3083"},"modified":"2022-09-14T11:06:49","modified_gmt":"2022-09-14T10:06:49","slug":"die-pflegionaerin-fuer-den-deutschen-hoerfilmpreis-nominiert","status":"publish","type":"post","link":"https:\/\/zta-management.com\/it\/die-pflegionaerin-fuer-den-deutschen-hoerfilmpreis-nominiert\/","title":{"rendered":"&#8222;Die Pflegion\u00e4rin&#8220; f\u00fcr den Deutschen H\u00f6rfilmpreis nominiert"},"content":{"rendered":"<p>&#8222;Die Pflegion\u00e4rin&#8220; mit unserer Benita Bailey in der Hauptrolle ist f\u00fcr den Deutschen H\u00f6rfilmpreis nominiert. Ihr k\u00f6nnt <a href=\"https:\/\/deutscher-hoerfilmpreis.de\/publikumspreis-2022.html\" target=\"_blank\" rel=\"noopener\">hier<\/a> noch bis zum 15.09 f\u00fcr den Publikumspreis abstimmen.<\/p>\n<p>&nbsp;<\/p>","protected":false},"excerpt":{"rendered":"<p>&#8222;Die Pflegion\u00e4rin&#8220; mit unserer Benita Bailey in der Hauptrolle ist f\u00fcr den Deutschen H\u00f6rfilmpreis nominiert. Ihr k\u00f6nnt hier noch bis zum 15.09 f\u00fcr den Publikumspreis abstimmen. &nbsp;<\/p>","protected":false},"author":3,"featured_media":3084,"comment_status":"open","ping_status":"open","sticky":false,"template":"","format":"standard","meta":{"inline_featured_image":false,"footnotes":""},"categories":[22],"tags":[],"class_list":["post-3083","post","type-post","status-publish","format-standard","has-post-thumbnail","hentry","category-benita-bailey"],"yoast_head":"<!-- This site is optimized with the Yoast SEO plugin v27.0 - https:\/\/yoast.com\/product\/yoast-seo-wordpress\/ -->\n<title>&quot;Die Pflegion\u00e4rin&quot; f\u00fcr den Deutschen H\u00f6rfilmpreis nominiert - ZTA Management<\/title>\n<meta name=\"robots\" content=\"index, follow, max-snippet:-1, max-image-preview:large, max-video-preview:-1\" \/>\n<link rel=\"canonical\" href=\"https:\/\/zta-management.com\/it\/die-pflegionaerin-fuer-den-deutschen-hoerfilmpreis-nominiert\/\" \/>\n<meta property=\"og:locale\" content=\"it_IT\" \/>\n<meta property=\"og:type\" content=\"article\" \/>\n<meta property=\"og:title\" content=\"&quot;Die Pflegion\u00e4rin&quot; f\u00fcr den Deutschen H\u00f6rfilmpreis nominiert - ZTA Management\" \/>\n<meta property=\"og:description\" content=\"&#8222;Die Pflegion\u00e4rin&#8220; mit unserer Benita Bailey in der Hauptrolle ist f\u00fcr den Deutschen H\u00f6rfilmpreis nominiert. Ihr k\u00f6nnt hier noch bis zum 15.09 f\u00fcr den Publikumspreis abstimmen. &nbsp;\" \/>\n<meta property=\"og:url\" content=\"https:\/\/zta-management.com\/it\/die-pflegionaerin-fuer-den-deutschen-hoerfilmpreis-nominiert\/\" \/>\n<meta property=\"og:site_name\" content=\"ZTA Management\" \/>\n<meta property=\"article:published_time\" content=\"2022-09-14T10:06:49+00:00\" \/>\n<meta property=\"og:image\" content=\"https:\/\/zta-management.com\/wp-content\/uploads\/2022\/09\/Bildschirmfoto-2022-09-14-um-12.05.51.png\" \/>\n\t<meta property=\"og:image:width\" content=\"599\" \/>\n\t<meta property=\"og:image:height\" content=\"704\" \/>\n\t<meta property=\"og:image:type\" content=\"image\/png\" \/>\n<meta name=\"author\" content=\"zetha@zta-management.com\" \/>\n<meta name=\"twitter:card\" content=\"summary_large_image\" \/>\n<meta name=\"twitter:label1\" content=\"Scritto da\" \/>\n\t<meta name=\"twitter:data1\" content=\"zetha@zta-management.com\" \/>\n<script type=\"application\/ld+json\" class=\"yoast-schema-graph\">{\"@context\":\"https:\/\/schema.org\",\"@graph\":[{\"@type\":\"Article\",\"@id\":\"https:\/\/zta-management.com\/die-pflegionaerin-fuer-den-deutschen-hoerfilmpreis-nominiert\/#article\",\"isPartOf\":{\"@id\":\"https:\/\/zta-management.com\/die-pflegionaerin-fuer-den-deutschen-hoerfilmpreis-nominiert\/\"},\"author\":{\"name\":\"zetha@zta-management.com\",\"@id\":\"https:\/\/zta-management.com\/en\/#\/schema\/person\/30a00fe8747994694336a51e56123afb\"},\"headline\":\"&#8222;Die Pflegion\u00e4rin&#8220; f\u00fcr den Deutschen H\u00f6rfilmpreis nominiert\",\"datePublished\":\"2022-09-14T10:06:49+00:00\",\"mainEntityOfPage\":{\"@id\":\"https:\/\/zta-management.com\/die-pflegionaerin-fuer-den-deutschen-hoerfilmpreis-nominiert\/\"},\"wordCount\":41,\"commentCount\":0,\"publisher\":{\"@id\":\"https:\/\/zta-management.com\/en\/#organization\"},\"image\":{\"@id\":\"https:\/\/zta-management.com\/die-pflegionaerin-fuer-den-deutschen-hoerfilmpreis-nominiert\/#primaryimage\"},\"thumbnailUrl\":\"https:\/\/zta-management.com\/wp-content\/uploads\/2022\/09\/Bildschirmfoto-2022-09-14-um-12.05.51.png\",\"articleSection\":[\"Benita Bailey\"],\"inLanguage\":\"it-IT\",\"potentialAction\":[{\"@type\":\"CommentAction\",\"name\":\"Comment\",\"target\":[\"https:\/\/zta-management.com\/die-pflegionaerin-fuer-den-deutschen-hoerfilmpreis-nominiert\/#respond\"]}]},{\"@type\":\"WebPage\",\"@id\":\"https:\/\/zta-management.com\/die-pflegionaerin-fuer-den-deutschen-hoerfilmpreis-nominiert\/\",\"url\":\"https:\/\/zta-management.com\/die-pflegionaerin-fuer-den-deutschen-hoerfilmpreis-nominiert\/\",\"name\":\"\\\"Die Pflegion\u00e4rin\\\" f\u00fcr den Deutschen H\u00f6rfilmpreis nominiert - ZTA Management\",\"isPartOf\":{\"@id\":\"https:\/\/zta-management.com\/en\/#website\"},\"primaryImageOfPage\":{\"@id\":\"https:\/\/zta-management.com\/die-pflegionaerin-fuer-den-deutschen-hoerfilmpreis-nominiert\/#primaryimage\"},\"image\":{\"@id\":\"https:\/\/zta-management.com\/die-pflegionaerin-fuer-den-deutschen-hoerfilmpreis-nominiert\/#primaryimage\"},\"thumbnailUrl\":\"https:\/\/zta-management.com\/wp-content\/uploads\/2022\/09\/Bildschirmfoto-2022-09-14-um-12.05.51.png\",\"datePublished\":\"2022-09-14T10:06:49+00:00\",\"breadcrumb\":{\"@id\":\"https:\/\/zta-management.com\/die-pflegionaerin-fuer-den-deutschen-hoerfilmpreis-nominiert\/#breadcrumb\"},\"inLanguage\":\"it-IT\",\"potentialAction\":[{\"@type\":\"ReadAction\",\"target\":[\"https:\/\/zta-management.com\/die-pflegionaerin-fuer-den-deutschen-hoerfilmpreis-nominiert\/\"]}]},{\"@type\":\"ImageObject\",\"inLanguage\":\"it-IT\",\"@id\":\"https:\/\/zta-management.com\/die-pflegionaerin-fuer-den-deutschen-hoerfilmpreis-nominiert\/#primaryimage\",\"url\":\"https:\/\/zta-management.com\/wp-content\/uploads\/2022\/09\/Bildschirmfoto-2022-09-14-um-12.05.51.png\",\"contentUrl\":\"https:\/\/zta-management.com\/wp-content\/uploads\/2022\/09\/Bildschirmfoto-2022-09-14-um-12.05.51.png\",\"width\":599,\"height\":704},{\"@type\":\"BreadcrumbList\",\"@id\":\"https:\/\/zta-management.com\/die-pflegionaerin-fuer-den-deutschen-hoerfilmpreis-nominiert\/#breadcrumb\",\"itemListElement\":[{\"@type\":\"ListItem\",\"position\":1,\"name\":\"Startseite\",\"item\":\"https:\/\/zta-management.com\/\"},{\"@type\":\"ListItem\",\"position\":2,\"name\":\"&#8222;Die Pflegion\u00e4rin&#8220; f\u00fcr den Deutschen H\u00f6rfilmpreis nominiert\"}]},{\"@type\":\"WebSite\",\"@id\":\"https:\/\/zta-management.com\/en\/#website\",\"url\":\"https:\/\/zta-management.com\/en\/\",\"name\":\"ZTA Management\",\"description\":\"K\u00fcnstler:innen Management\",\"publisher\":{\"@id\":\"https:\/\/zta-management.com\/en\/#organization\"},\"potentialAction\":[{\"@type\":\"SearchAction\",\"target\":{\"@type\":\"EntryPoint\",\"urlTemplate\":\"https:\/\/zta-management.com\/en\/?s={search_term_string}\"},\"query-input\":{\"@type\":\"PropertyValueSpecification\",\"valueRequired\":true,\"valueName\":\"search_term_string\"}}],\"inLanguage\":\"it-IT\"},{\"@type\":\"Organization\",\"@id\":\"https:\/\/zta-management.com\/en\/#organization\",\"name\":\"ZTA Management\",\"url\":\"https:\/\/zta-management.com\/en\/\",\"logo\":{\"@type\":\"ImageObject\",\"inLanguage\":\"it-IT\",\"@id\":\"https:\/\/zta-management.com\/en\/#\/schema\/logo\/image\/\",\"url\":\"https:\/\/zta-management.com\/wp-content\/uploads\/2025\/06\/ZTA-Logo-blau-rosa.png\",\"contentUrl\":\"https:\/\/zta-management.com\/wp-content\/uploads\/2025\/06\/ZTA-Logo-blau-rosa.png\",\"width\":1200,\"height\":1200,\"caption\":\"ZTA Management\"},\"image\":{\"@id\":\"https:\/\/zta-management.com\/en\/#\/schema\/logo\/image\/\"},\"sameAs\":[\"https:\/\/www.instagram.com\/ztamanagement\/\",\"https:\/\/www.linkedin.com\/in\/zetha-asafu-adjaye-b539b1126\/\"]},{\"@type\":\"Person\",\"@id\":\"https:\/\/zta-management.com\/en\/#\/schema\/person\/30a00fe8747994694336a51e56123afb\",\"name\":\"zetha@zta-management.com\",\"image\":{\"@type\":\"ImageObject\",\"inLanguage\":\"it-IT\",\"@id\":\"https:\/\/zta-management.com\/en\/#\/schema\/person\/image\/\",\"url\":\"https:\/\/secure.gravatar.com\/avatar\/1dc2cabbb04678a4c6b2f5553f1a7fd37e6eafff9f7c51bf3bf6306ae814b508?s=96&d=mm&r=g\",\"contentUrl\":\"https:\/\/secure.gravatar.com\/avatar\/1dc2cabbb04678a4c6b2f5553f1a7fd37e6eafff9f7c51bf3bf6306ae814b508?s=96&d=mm&r=g\",\"caption\":\"zetha@zta-management.com\"},\"url\":\"https:\/\/zta-management.com\/it\/author\/zethazta-management-com\/\"}]}<\/script>\n<!-- \/ Yoast SEO plugin. -->","yoast_head_json":{"title":"\"Die Pflegion\u00e4rin\" f\u00fcr den Deutschen H\u00f6rfilmpreis nominiert - ZTA Management","robots":{"index":"index","follow":"follow","max-snippet":"max-snippet:-1","max-image-preview":"max-image-preview:large","max-video-preview":"max-video-preview:-1"},"canonical":"https:\/\/zta-management.com\/it\/die-pflegionaerin-fuer-den-deutschen-hoerfilmpreis-nominiert\/","og_locale":"it_IT","og_type":"article","og_title":"\"Die Pflegion\u00e4rin\" f\u00fcr den Deutschen H\u00f6rfilmpreis nominiert - ZTA Management","og_description":"&#8222;Die Pflegion\u00e4rin&#8220; mit unserer Benita Bailey in der Hauptrolle ist f\u00fcr den Deutschen H\u00f6rfilmpreis nominiert. Ihr k\u00f6nnt hier noch bis zum 15.09 f\u00fcr den Publikumspreis abstimmen. &nbsp;","og_url":"https:\/\/zta-management.com\/it\/die-pflegionaerin-fuer-den-deutschen-hoerfilmpreis-nominiert\/","og_site_name":"ZTA Management","article_published_time":"2022-09-14T10:06:49+00:00","og_image":[{"width":599,"height":704,"url":"https:\/\/zta-management.com\/wp-content\/uploads\/2022\/09\/Bildschirmfoto-2022-09-14-um-12.05.51.png","type":"image\/png"}],"author":"zetha@zta-management.com","twitter_card":"summary_large_image","twitter_misc":{"Scritto da":"zetha@zta-management.com"},"schema":{"@context":"https:\/\/schema.org","@graph":[{"@type":"Article","@id":"https:\/\/zta-management.com\/die-pflegionaerin-fuer-den-deutschen-hoerfilmpreis-nominiert\/#article","isPartOf":{"@id":"https:\/\/zta-management.com\/die-pflegionaerin-fuer-den-deutschen-hoerfilmpreis-nominiert\/"},"author":{"name":"zetha@zta-management.com","@id":"https:\/\/zta-management.com\/en\/#\/schema\/person\/30a00fe8747994694336a51e56123afb"},"headline":"&#8222;Die Pflegion\u00e4rin&#8220; f\u00fcr den Deutschen H\u00f6rfilmpreis nominiert","datePublished":"2022-09-14T10:06:49+00:00","mainEntityOfPage":{"@id":"https:\/\/zta-management.com\/die-pflegionaerin-fuer-den-deutschen-hoerfilmpreis-nominiert\/"},"wordCount":41,"commentCount":0,"publisher":{"@id":"https:\/\/zta-management.com\/en\/#organization"},"image":{"@id":"https:\/\/zta-management.com\/die-pflegionaerin-fuer-den-deutschen-hoerfilmpreis-nominiert\/#primaryimage"},"thumbnailUrl":"https:\/\/zta-management.com\/wp-content\/uploads\/2022\/09\/Bildschirmfoto-2022-09-14-um-12.05.51.png","articleSection":["Benita Bailey"],"inLanguage":"it-IT","potentialAction":[{"@type":"CommentAction","name":"Comment","target":["https:\/\/zta-management.com\/die-pflegionaerin-fuer-den-deutschen-hoerfilmpreis-nominiert\/#respond"]}]},{"@type":"WebPage","@id":"https:\/\/zta-management.com\/die-pflegionaerin-fuer-den-deutschen-hoerfilmpreis-nominiert\/","url":"https:\/\/zta-management.com\/die-pflegionaerin-fuer-den-deutschen-hoerfilmpreis-nominiert\/","name":"\"Die Pflegion\u00e4rin\" f\u00fcr den Deutschen H\u00f6rfilmpreis nominiert - ZTA Management","isPartOf":{"@id":"https:\/\/zta-management.com\/en\/#website"},"primaryImageOfPage":{"@id":"https:\/\/zta-management.com\/die-pflegionaerin-fuer-den-deutschen-hoerfilmpreis-nominiert\/#primaryimage"},"image":{"@id":"https:\/\/zta-management.com\/die-pflegionaerin-fuer-den-deutschen-hoerfilmpreis-nominiert\/#primaryimage"},"thumbnailUrl":"https:\/\/zta-management.com\/wp-content\/uploads\/2022\/09\/Bildschirmfoto-2022-09-14-um-12.05.51.png","datePublished":"2022-09-14T10:06:49+00:00","breadcrumb":{"@id":"https:\/\/zta-management.com\/die-pflegionaerin-fuer-den-deutschen-hoerfilmpreis-nominiert\/#breadcrumb"},"inLanguage":"it-IT","potentialAction":[{"@type":"ReadAction","target":["https:\/\/zta-management.com\/die-pflegionaerin-fuer-den-deutschen-hoerfilmpreis-nominiert\/"]}]},{"@type":"ImageObject","inLanguage":"it-IT","@id":"https:\/\/zta-management.com\/die-pflegionaerin-fuer-den-deutschen-hoerfilmpreis-nominiert\/#primaryimage","url":"https:\/\/zta-management.com\/wp-content\/uploads\/2022\/09\/Bildschirmfoto-2022-09-14-um-12.05.51.png","contentUrl":"https:\/\/zta-management.com\/wp-content\/uploads\/2022\/09\/Bildschirmfoto-2022-09-14-um-12.05.51.png","width":599,"height":704},{"@type":"BreadcrumbList","@id":"https:\/\/zta-management.com\/die-pflegionaerin-fuer-den-deutschen-hoerfilmpreis-nominiert\/#breadcrumb","itemListElement":[{"@type":"ListItem","position":1,"name":"Startseite","item":"https:\/\/zta-management.com\/"},{"@type":"ListItem","position":2,"name":"&#8222;Die Pflegion\u00e4rin&#8220; f\u00fcr den Deutschen H\u00f6rfilmpreis nominiert"}]},{"@type":"WebSite","@id":"https:\/\/zta-management.com\/en\/#website","url":"https:\/\/zta-management.com\/en\/","name":"ZTA Management","description":"K\u00fcnstler:innen Management","publisher":{"@id":"https:\/\/zta-management.com\/en\/#organization"},"potentialAction":[{"@type":"SearchAction","target":{"@type":"EntryPoint","urlTemplate":"https:\/\/zta-management.com\/en\/?s={search_term_string}"},"query-input":{"@type":"PropertyValueSpecification","valueRequired":true,"valueName":"search_term_string"}}],"inLanguage":"it-IT"},{"@type":"Organization","@id":"https:\/\/zta-management.com\/en\/#organization","name":"ZTA Management","url":"https:\/\/zta-management.com\/en\/","logo":{"@type":"ImageObject","inLanguage":"it-IT","@id":"https:\/\/zta-management.com\/en\/#\/schema\/logo\/image\/","url":"https:\/\/zta-management.com\/wp-content\/uploads\/2025\/06\/ZTA-Logo-blau-rosa.png","contentUrl":"https:\/\/zta-management.com\/wp-content\/uploads\/2025\/06\/ZTA-Logo-blau-rosa.png","width":1200,"height":1200,"caption":"ZTA Management"},"image":{"@id":"https:\/\/zta-management.com\/en\/#\/schema\/logo\/image\/"},"sameAs":["https:\/\/www.instagram.com\/ztamanagement\/","https:\/\/www.linkedin.com\/in\/zetha-asafu-adjaye-b539b1126\/"]},{"@type":"Person","@id":"https:\/\/zta-management.com\/en\/#\/schema\/person\/30a00fe8747994694336a51e56123afb","name":"zetha@zta-management.com","image":{"@type":"ImageObject","inLanguage":"it-IT","@id":"https:\/\/zta-management.com\/en\/#\/schema\/person\/image\/","url":"https:\/\/secure.gravatar.com\/avatar\/1dc2cabbb04678a4c6b2f5553f1a7fd37e6eafff9f7c51bf3bf6306ae814b508?s=96&d=mm&r=g","contentUrl":"https:\/\/secure.gravatar.com\/avatar\/1dc2cabbb04678a4c6b2f5553f1a7fd37e6eafff9f7c51bf3bf6306ae814b508?s=96&d=mm&r=g","caption":"zetha@zta-management.com"},"url":"https:\/\/zta-management.com\/it\/author\/zethazta-management-com\/"}]}},"_links":{"self":[{"href":"https:\/\/zta-management.com\/it\/wp-json\/wp\/v2\/posts\/3083","targetHints":{"allow":["GET"]}}],"collection":[{"href":"https:\/\/zta-management.com\/it\/wp-json\/wp\/v2\/posts"}],"about":[{"href":"https:\/\/zta-management.com\/it\/wp-json\/wp\/v2\/types\/post"}],"author":[{"embeddable":true,"href":"https:\/\/zta-management.com\/it\/wp-json\/wp\/v2\/users\/3"}],"replies":[{"embeddable":true,"href":"https:\/\/zta-management.com\/it\/wp-json\/wp\/v2\/comments?post=3083"}],"version-history":[{"count":0,"href":"https:\/\/zta-management.com\/it\/wp-json\/wp\/v2\/posts\/3083\/revisions"}],"wp:featuredmedia":[{"embeddable":true,"href":"https:\/\/zta-management.com\/it\/wp-json\/wp\/v2\/media\/3084"}],"wp:attachment":[{"href":"https:\/\/zta-management.com\/it\/wp-json\/wp\/v2\/media?parent=3083"}],"wp:term":[{"taxonomy":"category","embeddable":true,"href":"https:\/\/zta-management.com\/it\/wp-json\/wp\/v2\/categories?post=3083"},{"taxonomy":"post_tag","embeddable":true,"href":"https:\/\/zta-management.com\/it\/wp-json\/wp\/v2\/tags?post=3083"}],"curies":[{"name":"wp","href":"https:\/\/api.w.org\/{rel}","templated":true}]}}