{"id":6587,"date":"2025-06-10T17:44:48","date_gmt":"2025-06-10T15:44:48","guid":{"rendered":"https:\/\/zta-management.com\/?p=6587"},"modified":"2025-06-16T17:53:16","modified_gmt":"2025-06-16T15:53:16","slug":"cristina-do-rego-in-zwischen-den-zeilen-mit-bettina-boettinger","status":"publish","type":"post","link":"https:\/\/zta-management.com\/it\/cristina-do-rego-in-zwischen-den-zeilen-mit-bettina-boettinger\/","title":{"rendered":"Cristina do Rego in &#8222;Zwischen den Zeilen&#8220; mit Bettina B\u00f6ttinger"},"content":{"rendered":"<p>Ab sofort k\u00f6nnt ihr die neue Folge <a href=\"https:\/\/plus.rtl.de\/podcast\/zwischen-den-zeilen-gzooapcr58wys\" target=\"_blank\" rel=\"noopener\">&#8222;Zwischen den Zeilen&#8220;<\/a> mit Bettina B\u00f6ttinger und Cristina do Rego h\u00f6ren. Es geht um ihre queeren Identit\u00e4ten und verschiedene Wege zu relaxen. Warum Yoga f\u00fcr die beiden nicht in Frage kommt erfahrt ihr jetzt \u00fcberall, wo es Podcasts gibt.<\/p>","protected":false},"excerpt":{"rendered":"<p>Ab sofort k\u00f6nnt ihr die neue Folge &#8222;Zwischen den Zeilen&#8220; mit Bettina B\u00f6ttinger und Cristina do Rego h\u00f6ren. Es geht um ihre queeren Identit\u00e4ten und verschiedene Wege zu relaxen. Warum Yoga f\u00fcr die beiden nicht in Frage kommt erfahrt ihr jetzt \u00fcberall, wo es Podcasts gibt.<\/p>","protected":false},"author":3,"featured_media":6056,"comment_status":"open","ping_status":"open","sticky":false,"template":"","format":"standard","meta":{"inline_featured_image":false,"footnotes":""},"categories":[18],"tags":[],"class_list":["post-6587","post","type-post","status-publish","format-standard","has-post-thumbnail","hentry","category-cristina-do-rego"],"yoast_head":"<!-- This site is optimized with the Yoast SEO plugin v27.0 - https:\/\/yoast.com\/product\/yoast-seo-wordpress\/ -->\n<title>Cristina do Rego in &quot;Zwischen den Zeilen&quot; mit Bettina B\u00f6ttinger - ZTA Management<\/title>\n<meta name=\"robots\" content=\"index, follow, max-snippet:-1, max-image-preview:large, max-video-preview:-1\" \/>\n<link rel=\"canonical\" href=\"https:\/\/zta-management.com\/it\/cristina-do-rego-in-zwischen-den-zeilen-mit-bettina-boettinger\/\" \/>\n<meta property=\"og:locale\" content=\"it_IT\" \/>\n<meta property=\"og:type\" content=\"article\" \/>\n<meta property=\"og:title\" content=\"Cristina do Rego in &quot;Zwischen den Zeilen&quot; mit Bettina B\u00f6ttinger - ZTA Management\" \/>\n<meta property=\"og:description\" content=\"Ab sofort k\u00f6nnt ihr die neue Folge &#8222;Zwischen den Zeilen&#8220; mit Bettina B\u00f6ttinger und Cristina do Rego h\u00f6ren. Es geht um ihre queeren Identit\u00e4ten und verschiedene Wege zu relaxen. Warum Yoga f\u00fcr die beiden nicht in Frage kommt erfahrt ihr jetzt \u00fcberall, wo es Podcasts gibt.\" \/>\n<meta property=\"og:url\" content=\"https:\/\/zta-management.com\/it\/cristina-do-rego-in-zwischen-den-zeilen-mit-bettina-boettinger\/\" \/>\n<meta property=\"og:site_name\" content=\"ZTA Management\" \/>\n<meta property=\"article:published_time\" content=\"2025-06-10T15:44:48+00:00\" \/>\n<meta property=\"article:modified_time\" content=\"2025-06-16T15:53:16+00:00\" \/>\n<meta property=\"og:image\" content=\"https:\/\/zta-management.com\/wp-content\/uploads\/2025\/02\/25_01_26_CB_1068-scaled.jpg\" \/>\n\t<meta property=\"og:image:width\" content=\"1920\" \/>\n\t<meta property=\"og:image:height\" content=\"2560\" \/>\n\t<meta property=\"og:image:type\" content=\"image\/jpeg\" \/>\n<meta name=\"author\" content=\"zetha@zta-management.com\" \/>\n<meta name=\"twitter:card\" content=\"summary_large_image\" \/>\n<meta name=\"twitter:label1\" content=\"Scritto da\" \/>\n\t<meta name=\"twitter:data1\" content=\"zetha@zta-management.com\" \/>\n\t<meta name=\"twitter:label2\" content=\"Tempo di lettura stimato\" \/>\n\t<meta name=\"twitter:data2\" content=\"1 minuto\" \/>\n<script type=\"application\/ld+json\" class=\"yoast-schema-graph\">{\"@context\":\"https:\/\/schema.org\",\"@graph\":[{\"@type\":\"Article\",\"@id\":\"https:\/\/zta-management.com\/cristina-do-rego-in-zwischen-den-zeilen-mit-bettina-boettinger\/#article\",\"isPartOf\":{\"@id\":\"https:\/\/zta-management.com\/cristina-do-rego-in-zwischen-den-zeilen-mit-bettina-boettinger\/\"},\"author\":{\"name\":\"zetha@zta-management.com\",\"@id\":\"https:\/\/zta-management.com\/en\/#\/schema\/person\/30a00fe8747994694336a51e56123afb\"},\"headline\":\"Cristina do Rego in &#8222;Zwischen den Zeilen&#8220; mit Bettina B\u00f6ttinger\",\"datePublished\":\"2025-06-10T15:44:48+00:00\",\"dateModified\":\"2025-06-16T15:53:16+00:00\",\"mainEntityOfPage\":{\"@id\":\"https:\/\/zta-management.com\/cristina-do-rego-in-zwischen-den-zeilen-mit-bettina-boettinger\/\"},\"wordCount\":62,\"commentCount\":0,\"publisher\":{\"@id\":\"https:\/\/zta-management.com\/en\/#organization\"},\"image\":{\"@id\":\"https:\/\/zta-management.com\/cristina-do-rego-in-zwischen-den-zeilen-mit-bettina-boettinger\/#primaryimage\"},\"thumbnailUrl\":\"https:\/\/zta-management.com\/wp-content\/uploads\/2025\/02\/25_01_26_CB_1068-scaled.jpg\",\"articleSection\":[\"Cristina Do Rego\"],\"inLanguage\":\"it-IT\",\"potentialAction\":[{\"@type\":\"CommentAction\",\"name\":\"Comment\",\"target\":[\"https:\/\/zta-management.com\/cristina-do-rego-in-zwischen-den-zeilen-mit-bettina-boettinger\/#respond\"]}]},{\"@type\":\"WebPage\",\"@id\":\"https:\/\/zta-management.com\/cristina-do-rego-in-zwischen-den-zeilen-mit-bettina-boettinger\/\",\"url\":\"https:\/\/zta-management.com\/cristina-do-rego-in-zwischen-den-zeilen-mit-bettina-boettinger\/\",\"name\":\"Cristina do Rego in \\\"Zwischen den Zeilen\\\" mit Bettina B\u00f6ttinger - ZTA Management\",\"isPartOf\":{\"@id\":\"https:\/\/zta-management.com\/en\/#website\"},\"primaryImageOfPage\":{\"@id\":\"https:\/\/zta-management.com\/cristina-do-rego-in-zwischen-den-zeilen-mit-bettina-boettinger\/#primaryimage\"},\"image\":{\"@id\":\"https:\/\/zta-management.com\/cristina-do-rego-in-zwischen-den-zeilen-mit-bettina-boettinger\/#primaryimage\"},\"thumbnailUrl\":\"https:\/\/zta-management.com\/wp-content\/uploads\/2025\/02\/25_01_26_CB_1068-scaled.jpg\",\"datePublished\":\"2025-06-10T15:44:48+00:00\",\"dateModified\":\"2025-06-16T15:53:16+00:00\",\"breadcrumb\":{\"@id\":\"https:\/\/zta-management.com\/cristina-do-rego-in-zwischen-den-zeilen-mit-bettina-boettinger\/#breadcrumb\"},\"inLanguage\":\"it-IT\",\"potentialAction\":[{\"@type\":\"ReadAction\",\"target\":[\"https:\/\/zta-management.com\/cristina-do-rego-in-zwischen-den-zeilen-mit-bettina-boettinger\/\"]}]},{\"@type\":\"ImageObject\",\"inLanguage\":\"it-IT\",\"@id\":\"https:\/\/zta-management.com\/cristina-do-rego-in-zwischen-den-zeilen-mit-bettina-boettinger\/#primaryimage\",\"url\":\"https:\/\/zta-management.com\/wp-content\/uploads\/2025\/02\/25_01_26_CB_1068-scaled.jpg\",\"contentUrl\":\"https:\/\/zta-management.com\/wp-content\/uploads\/2025\/02\/25_01_26_CB_1068-scaled.jpg\",\"width\":1920,\"height\":2560},{\"@type\":\"BreadcrumbList\",\"@id\":\"https:\/\/zta-management.com\/cristina-do-rego-in-zwischen-den-zeilen-mit-bettina-boettinger\/#breadcrumb\",\"itemListElement\":[{\"@type\":\"ListItem\",\"position\":1,\"name\":\"Startseite\",\"item\":\"https:\/\/zta-management.com\/\"},{\"@type\":\"ListItem\",\"position\":2,\"name\":\"Cristina do Rego in &#8222;Zwischen den Zeilen&#8220; mit Bettina B\u00f6ttinger\"}]},{\"@type\":\"WebSite\",\"@id\":\"https:\/\/zta-management.com\/en\/#website\",\"url\":\"https:\/\/zta-management.com\/en\/\",\"name\":\"ZTA Management\",\"description\":\"K\u00fcnstler:innen Management\",\"publisher\":{\"@id\":\"https:\/\/zta-management.com\/en\/#organization\"},\"potentialAction\":[{\"@type\":\"SearchAction\",\"target\":{\"@type\":\"EntryPoint\",\"urlTemplate\":\"https:\/\/zta-management.com\/en\/?s={search_term_string}\"},\"query-input\":{\"@type\":\"PropertyValueSpecification\",\"valueRequired\":true,\"valueName\":\"search_term_string\"}}],\"inLanguage\":\"it-IT\"},{\"@type\":\"Organization\",\"@id\":\"https:\/\/zta-management.com\/en\/#organization\",\"name\":\"ZTA Management\",\"url\":\"https:\/\/zta-management.com\/en\/\",\"logo\":{\"@type\":\"ImageObject\",\"inLanguage\":\"it-IT\",\"@id\":\"https:\/\/zta-management.com\/en\/#\/schema\/logo\/image\/\",\"url\":\"https:\/\/zta-management.com\/wp-content\/uploads\/2025\/06\/ZTA-Logo-blau-rosa.png\",\"contentUrl\":\"https:\/\/zta-management.com\/wp-content\/uploads\/2025\/06\/ZTA-Logo-blau-rosa.png\",\"width\":1200,\"height\":1200,\"caption\":\"ZTA Management\"},\"image\":{\"@id\":\"https:\/\/zta-management.com\/en\/#\/schema\/logo\/image\/\"},\"sameAs\":[\"https:\/\/www.instagram.com\/ztamanagement\/\",\"https:\/\/www.linkedin.com\/in\/zetha-asafu-adjaye-b539b1126\/\"]},{\"@type\":\"Person\",\"@id\":\"https:\/\/zta-management.com\/en\/#\/schema\/person\/30a00fe8747994694336a51e56123afb\",\"name\":\"zetha@zta-management.com\",\"image\":{\"@type\":\"ImageObject\",\"inLanguage\":\"it-IT\",\"@id\":\"https:\/\/zta-management.com\/en\/#\/schema\/person\/image\/\",\"url\":\"https:\/\/secure.gravatar.com\/avatar\/1dc2cabbb04678a4c6b2f5553f1a7fd37e6eafff9f7c51bf3bf6306ae814b508?s=96&d=mm&r=g\",\"contentUrl\":\"https:\/\/secure.gravatar.com\/avatar\/1dc2cabbb04678a4c6b2f5553f1a7fd37e6eafff9f7c51bf3bf6306ae814b508?s=96&d=mm&r=g\",\"caption\":\"zetha@zta-management.com\"},\"url\":\"https:\/\/zta-management.com\/it\/author\/zethazta-management-com\/\"}]}<\/script>\n<!-- \/ Yoast SEO plugin. -->","yoast_head_json":{"title":"Cristina do Rego in \"Zwischen den Zeilen\" mit Bettina B\u00f6ttinger - ZTA Management","robots":{"index":"index","follow":"follow","max-snippet":"max-snippet:-1","max-image-preview":"max-image-preview:large","max-video-preview":"max-video-preview:-1"},"canonical":"https:\/\/zta-management.com\/it\/cristina-do-rego-in-zwischen-den-zeilen-mit-bettina-boettinger\/","og_locale":"it_IT","og_type":"article","og_title":"Cristina do Rego in \"Zwischen den Zeilen\" mit Bettina B\u00f6ttinger - ZTA Management","og_description":"Ab sofort k\u00f6nnt ihr die neue Folge &#8222;Zwischen den Zeilen&#8220; mit Bettina B\u00f6ttinger und Cristina do Rego h\u00f6ren. Es geht um ihre queeren Identit\u00e4ten und verschiedene Wege zu relaxen. Warum Yoga f\u00fcr die beiden nicht in Frage kommt erfahrt ihr jetzt \u00fcberall, wo es Podcasts gibt.","og_url":"https:\/\/zta-management.com\/it\/cristina-do-rego-in-zwischen-den-zeilen-mit-bettina-boettinger\/","og_site_name":"ZTA Management","article_published_time":"2025-06-10T15:44:48+00:00","article_modified_time":"2025-06-16T15:53:16+00:00","og_image":[{"width":1920,"height":2560,"url":"https:\/\/zta-management.com\/wp-content\/uploads\/2025\/02\/25_01_26_CB_1068-scaled.jpg","type":"image\/jpeg"}],"author":"zetha@zta-management.com","twitter_card":"summary_large_image","twitter_misc":{"Scritto da":"zetha@zta-management.com","Tempo di lettura stimato":"1 minuto"},"schema":{"@context":"https:\/\/schema.org","@graph":[{"@type":"Article","@id":"https:\/\/zta-management.com\/cristina-do-rego-in-zwischen-den-zeilen-mit-bettina-boettinger\/#article","isPartOf":{"@id":"https:\/\/zta-management.com\/cristina-do-rego-in-zwischen-den-zeilen-mit-bettina-boettinger\/"},"author":{"name":"zetha@zta-management.com","@id":"https:\/\/zta-management.com\/en\/#\/schema\/person\/30a00fe8747994694336a51e56123afb"},"headline":"Cristina do Rego in &#8222;Zwischen den Zeilen&#8220; mit Bettina B\u00f6ttinger","datePublished":"2025-06-10T15:44:48+00:00","dateModified":"2025-06-16T15:53:16+00:00","mainEntityOfPage":{"@id":"https:\/\/zta-management.com\/cristina-do-rego-in-zwischen-den-zeilen-mit-bettina-boettinger\/"},"wordCount":62,"commentCount":0,"publisher":{"@id":"https:\/\/zta-management.com\/en\/#organization"},"image":{"@id":"https:\/\/zta-management.com\/cristina-do-rego-in-zwischen-den-zeilen-mit-bettina-boettinger\/#primaryimage"},"thumbnailUrl":"https:\/\/zta-management.com\/wp-content\/uploads\/2025\/02\/25_01_26_CB_1068-scaled.jpg","articleSection":["Cristina Do Rego"],"inLanguage":"it-IT","potentialAction":[{"@type":"CommentAction","name":"Comment","target":["https:\/\/zta-management.com\/cristina-do-rego-in-zwischen-den-zeilen-mit-bettina-boettinger\/#respond"]}]},{"@type":"WebPage","@id":"https:\/\/zta-management.com\/cristina-do-rego-in-zwischen-den-zeilen-mit-bettina-boettinger\/","url":"https:\/\/zta-management.com\/cristina-do-rego-in-zwischen-den-zeilen-mit-bettina-boettinger\/","name":"Cristina do Rego in \"Zwischen den Zeilen\" mit Bettina B\u00f6ttinger - ZTA Management","isPartOf":{"@id":"https:\/\/zta-management.com\/en\/#website"},"primaryImageOfPage":{"@id":"https:\/\/zta-management.com\/cristina-do-rego-in-zwischen-den-zeilen-mit-bettina-boettinger\/#primaryimage"},"image":{"@id":"https:\/\/zta-management.com\/cristina-do-rego-in-zwischen-den-zeilen-mit-bettina-boettinger\/#primaryimage"},"thumbnailUrl":"https:\/\/zta-management.com\/wp-content\/uploads\/2025\/02\/25_01_26_CB_1068-scaled.jpg","datePublished":"2025-06-10T15:44:48+00:00","dateModified":"2025-06-16T15:53:16+00:00","breadcrumb":{"@id":"https:\/\/zta-management.com\/cristina-do-rego-in-zwischen-den-zeilen-mit-bettina-boettinger\/#breadcrumb"},"inLanguage":"it-IT","potentialAction":[{"@type":"ReadAction","target":["https:\/\/zta-management.com\/cristina-do-rego-in-zwischen-den-zeilen-mit-bettina-boettinger\/"]}]},{"@type":"ImageObject","inLanguage":"it-IT","@id":"https:\/\/zta-management.com\/cristina-do-rego-in-zwischen-den-zeilen-mit-bettina-boettinger\/#primaryimage","url":"https:\/\/zta-management.com\/wp-content\/uploads\/2025\/02\/25_01_26_CB_1068-scaled.jpg","contentUrl":"https:\/\/zta-management.com\/wp-content\/uploads\/2025\/02\/25_01_26_CB_1068-scaled.jpg","width":1920,"height":2560},{"@type":"BreadcrumbList","@id":"https:\/\/zta-management.com\/cristina-do-rego-in-zwischen-den-zeilen-mit-bettina-boettinger\/#breadcrumb","itemListElement":[{"@type":"ListItem","position":1,"name":"Startseite","item":"https:\/\/zta-management.com\/"},{"@type":"ListItem","position":2,"name":"Cristina do Rego in &#8222;Zwischen den Zeilen&#8220; mit Bettina B\u00f6ttinger"}]},{"@type":"WebSite","@id":"https:\/\/zta-management.com\/en\/#website","url":"https:\/\/zta-management.com\/en\/","name":"ZTA Management","description":"K\u00fcnstler:innen Management","publisher":{"@id":"https:\/\/zta-management.com\/en\/#organization"},"potentialAction":[{"@type":"SearchAction","target":{"@type":"EntryPoint","urlTemplate":"https:\/\/zta-management.com\/en\/?s={search_term_string}"},"query-input":{"@type":"PropertyValueSpecification","valueRequired":true,"valueName":"search_term_string"}}],"inLanguage":"it-IT"},{"@type":"Organization","@id":"https:\/\/zta-management.com\/en\/#organization","name":"ZTA Management","url":"https:\/\/zta-management.com\/en\/","logo":{"@type":"ImageObject","inLanguage":"it-IT","@id":"https:\/\/zta-management.com\/en\/#\/schema\/logo\/image\/","url":"https:\/\/zta-management.com\/wp-content\/uploads\/2025\/06\/ZTA-Logo-blau-rosa.png","contentUrl":"https:\/\/zta-management.com\/wp-content\/uploads\/2025\/06\/ZTA-Logo-blau-rosa.png","width":1200,"height":1200,"caption":"ZTA Management"},"image":{"@id":"https:\/\/zta-management.com\/en\/#\/schema\/logo\/image\/"},"sameAs":["https:\/\/www.instagram.com\/ztamanagement\/","https:\/\/www.linkedin.com\/in\/zetha-asafu-adjaye-b539b1126\/"]},{"@type":"Person","@id":"https:\/\/zta-management.com\/en\/#\/schema\/person\/30a00fe8747994694336a51e56123afb","name":"zetha@zta-management.com","image":{"@type":"ImageObject","inLanguage":"it-IT","@id":"https:\/\/zta-management.com\/en\/#\/schema\/person\/image\/","url":"https:\/\/secure.gravatar.com\/avatar\/1dc2cabbb04678a4c6b2f5553f1a7fd37e6eafff9f7c51bf3bf6306ae814b508?s=96&d=mm&r=g","contentUrl":"https:\/\/secure.gravatar.com\/avatar\/1dc2cabbb04678a4c6b2f5553f1a7fd37e6eafff9f7c51bf3bf6306ae814b508?s=96&d=mm&r=g","caption":"zetha@zta-management.com"},"url":"https:\/\/zta-management.com\/it\/author\/zethazta-management-com\/"}]}},"_links":{"self":[{"href":"https:\/\/zta-management.com\/it\/wp-json\/wp\/v2\/posts\/6587","targetHints":{"allow":["GET"]}}],"collection":[{"href":"https:\/\/zta-management.com\/it\/wp-json\/wp\/v2\/posts"}],"about":[{"href":"https:\/\/zta-management.com\/it\/wp-json\/wp\/v2\/types\/post"}],"author":[{"embeddable":true,"href":"https:\/\/zta-management.com\/it\/wp-json\/wp\/v2\/users\/3"}],"replies":[{"embeddable":true,"href":"https:\/\/zta-management.com\/it\/wp-json\/wp\/v2\/comments?post=6587"}],"version-history":[{"count":1,"href":"https:\/\/zta-management.com\/it\/wp-json\/wp\/v2\/posts\/6587\/revisions"}],"predecessor-version":[{"id":6588,"href":"https:\/\/zta-management.com\/it\/wp-json\/wp\/v2\/posts\/6587\/revisions\/6588"}],"wp:featuredmedia":[{"embeddable":true,"href":"https:\/\/zta-management.com\/it\/wp-json\/wp\/v2\/media\/6056"}],"wp:attachment":[{"href":"https:\/\/zta-management.com\/it\/wp-json\/wp\/v2\/media?parent=6587"}],"wp:term":[{"taxonomy":"category","embeddable":true,"href":"https:\/\/zta-management.com\/it\/wp-json\/wp\/v2\/categories?post=6587"},{"taxonomy":"post_tag","embeddable":true,"href":"https:\/\/zta-management.com\/it\/wp-json\/wp\/v2\/tags?post=6587"}],"curies":[{"name":"wp","href":"https:\/\/api.w.org\/{rel}","templated":true}]}}